{"id":81600,"date":"2026-04-25T03:07:09","date_gmt":"2026-04-25T03:07:09","guid":{"rendered":"https:\/\/lahora.mx\/?p=81600"},"modified":"2026-04-25T03:07:10","modified_gmt":"2026-04-25T03:07:10","slug":"ruta-extiende-horario-durante-la-feria-de-puebla-2026","status":"publish","type":"post","link":"https:\/\/lahora.mx\/index.php\/2026\/04\/25\/ruta-extiende-horario-durante-la-feria-de-puebla-2026\/","title":{"rendered":"RUTA extiende horario durante la Feria de Puebla 2026"},"content":{"rendered":"\n<p>M\u00e1s diversi\u00f3n y menos preocupaciones, porque la Red Urbana de Transporte Articulado (RUTA) ampli\u00f3 una hora m\u00e1s su servicio por la Feria de Puebla 2026, y habr\u00e1 salidas hasta las 02:00 horas (am).<\/p>\n\n\n\n<p>La feria inici\u00f3 este jueves 23 de abril, pero este viernes 24 de abril, desde las redes sociales de la RUTA, se inform\u00f3 que las l\u00edneas 1 y 2 contar\u00e1n con una hora extra a lo anunciado previamente.<\/p>\n\n\n\n<p>Pues se contemplaba que el servicio de ese medio de transporte concluyera a la 1:00 am.<\/p>\n\n\n\n<p>Sin embargo, dado que hay actividades y eventos nocturnos como los conciertos y shows del Palenque y del Teatro del Pueblo, se otorg\u00f3 m\u00e1s tiempo para las salidas.<\/p>\n\n\n\n<p>Lo que permitir\u00e1 que los asistentes salgan con calma de estos eventos y puedan circular en la RUTA.<br><br>\u00bfCu\u00e1les son las salidas hasta las 2:00 am de RUTA por Feria de Puebla?<br>Las salidas con el nuevo horario extendido de la RUTA por la Feria de Puebla 2026 son las siguientes, por l\u00ednea:<\/p>\n\n\n\n<p>L\u00ednea 1:<\/p>\n\n\n\n<p>De estaci\u00f3n Ignacio Zaragoza a estaci\u00f3n Diagonal Poniente, con traslado directo.<\/p>\n\n\n\n<p>Cierres viales por Feria de Puebla 2026: \u00bfcu\u00e1les son las v\u00edas alternas?<br>Rueda de la fortuna en Feria de Puebla en Centro Expositor. Cr\u00e9ditos: Facebook Feria de Puebla\/ MTP Noticias<br>Horarios de las 10 salidas: 23:30 horas, 23:45 horas, 00:00 horas, 00:15 horas, 00:30 horas, 00:45 horas, 1:00 horas, 1:15 horas, 1:30 horas, 1:45 horas (\u00faltima salida).<\/p>\n\n\n\n<p>L\u00ednea 2:<\/p>\n\n\n\n<p>Diagonal Poniente a Terminal Margaritas: el servicio se brindar\u00e1 \u00fanicamente en sentido sur, son siete salidas.<\/p>\n\n\n\n<p>Horarios: 00:08 horas, 00:28 horas, 00:48 horas, 1:08 horas, 1:28 horas, 1:48 horas y 2:03 horas (la \u00faltima).<\/p>\n\n\n\n<p>El servicio y la tarifa ser\u00e1n los habituales, de 7.5 pesos en cualquiera de las estaciones.<\/p>\n","protected":false},"excerpt":{"rendered":"<p>M\u00e1s diversi\u00f3n y menos preocupaciones, porque la Red Urbana de Transporte Articulado (RUTA) ampli\u00f3 una hora m\u00e1s su servicio por la Feria de Puebla 2026, y habr\u00e1 salidas hasta las 02:00 horas (am). La feria inici\u00f3 este jueves 23 de abril, pero este viernes 24 de abril, desde las redes sociales de la RUTA, se [&hellip;]<\/p>\n","protected":false},"author":1,"featured_media":81601,"comment_status":"open","ping_status":"open","sticky":false,"template":"","format":"standard","meta":{"om_disable_all_campaigns":false,"_monsterinsights_skip_tracking":false,"_monsterinsights_sitenote_active":false,"_monsterinsights_sitenote_note":"","_monsterinsights_sitenote_category":0,"footnotes":""},"categories":[175],"tags":[195,223],"class_list":["post-81600","post","type-post","status-publish","format-standard","has-post-thumbnail","hentry","category-local","tag-principal","tag-puebla"],"amp_enabled":true,"_links":{"self":[{"href":"https:\/\/lahora.mx\/index.php\/wp-json\/wp\/v2\/posts\/81600","targetHints":{"allow":["GET"]}}],"collection":[{"href":"https:\/\/lahora.mx\/index.php\/wp-json\/wp\/v2\/posts"}],"about":[{"href":"https:\/\/lahora.mx\/index.php\/wp-json\/wp\/v2\/types\/post"}],"author":[{"embeddable":true,"href":"https:\/\/lahora.mx\/index.php\/wp-json\/wp\/v2\/users\/1"}],"replies":[{"embeddable":true,"href":"https:\/\/lahora.mx\/index.php\/wp-json\/wp\/v2\/comments?post=81600"}],"version-history":[{"count":1,"href":"https:\/\/lahora.mx\/index.php\/wp-json\/wp\/v2\/posts\/81600\/revisions"}],"predecessor-version":[{"id":81602,"href":"https:\/\/lahora.mx\/index.php\/wp-json\/wp\/v2\/posts\/81600\/revisions\/81602"}],"wp:featuredmedia":[{"embeddable":true,"href":"https:\/\/lahora.mx\/index.php\/wp-json\/wp\/v2\/media\/81601"}],"wp:attachment":[{"href":"https:\/\/lahora.mx\/index.php\/wp-json\/wp\/v2\/media?parent=81600"}],"wp:term":[{"taxonomy":"category","embeddable":true,"href":"https:\/\/lahora.mx\/index.php\/wp-json\/wp\/v2\/categories?post=81600"},{"taxonomy":"post_tag","embeddable":true,"href":"https:\/\/lahora.mx\/index.php\/wp-json\/wp\/v2\/tags?post=81600"}],"curies":[{"name":"wp","href":"https:\/\/api.w.org\/{rel}","templated":true}]}}