{"id":81591,"date":"2026-04-25T02:42:26","date_gmt":"2026-04-25T02:42:26","guid":{"rendered":"https:\/\/lahora.mx\/?p=81591"},"modified":"2026-04-25T02:42:27","modified_gmt":"2026-04-25T02:42:27","slug":"sheinbaum-se-reune-con-magda-chambriard-presidenta-de-petrobras-acuerdan-colaboracion-con-pemex","status":"publish","type":"post","link":"https:\/\/lahora.mx\/index.php\/2026\/04\/25\/sheinbaum-se-reune-con-magda-chambriard-presidenta-de-petrobras-acuerdan-colaboracion-con-pemex\/","title":{"rendered":"Sheinbaum se re\u00fane con Magda Chambriard, presidenta de Petrobras; acuerdan colaboraci\u00f3n con Pemex"},"content":{"rendered":"\n<p>El gobierno de M\u00e9xico inform\u00f3 que Petr\u00f3leos Mexicanos (Pemex) estableci\u00f3 colaboraci\u00f3n con Petr\u00f3leo Brasileiro (Petrobras), empresa brasile\u00f1a, para la exploraci\u00f3n, producci\u00f3n y transformaci\u00f3n de petr\u00f3leo y biodiesel.<\/p>\n\n\n\n<p>En redes sociales, la presidenta Claudia Sheinbaum Pardo detall\u00f3 que sostuvo un encuentro con directivos de la empresa sudamericana, encabezados por su presidenta Magda Chambriard, con la finalidad de establecer mecanismos de cooperaci\u00f3n conjunta con Pemex.<br>\u201cMe reun\u00ed con directivos de Petrobras, encabezados por su presidenta Magda Chambriard, para establecer una colaboraci\u00f3n con Pemex en exploraci\u00f3n, producci\u00f3n y transformaci\u00f3n de petr\u00f3leo, as\u00ed como en producci\u00f3n de biodi\u00e9sel\u201d, escribi\u00f3.<\/p>\n\n\n\n<p>Este acuerdo se da en seguimiento a la conversaci\u00f3n que Sheinbaum sostuvo semanas atr\u00e1s con el presidente de Brasil, Luiz In\u00e1cio Lula da Silva, quien despu\u00e9s confirm\u00f3 el inter\u00e9s de su gobierno en impulsar la cooperaci\u00f3n energ\u00e9tica con M\u00e9xico.<\/p>\n","protected":false},"excerpt":{"rendered":"<p>El gobierno de M\u00e9xico inform\u00f3 que Petr\u00f3leos Mexicanos (Pemex) estableci\u00f3 colaboraci\u00f3n con Petr\u00f3leo Brasileiro (Petrobras), empresa brasile\u00f1a, para la exploraci\u00f3n, producci\u00f3n y transformaci\u00f3n de petr\u00f3leo y biodiesel. En redes sociales, la presidenta Claudia Sheinbaum Pardo detall\u00f3 que sostuvo un encuentro con directivos de la empresa sudamericana, encabezados por su presidenta Magda Chambriard, con la finalidad [&hellip;]<\/p>\n","protected":false},"author":1,"featured_media":81592,"comment_status":"open","ping_status":"open","sticky":false,"template":"","format":"standard","meta":{"om_disable_all_campaigns":false,"_monsterinsights_skip_tracking":false,"_monsterinsights_sitenote_active":false,"_monsterinsights_sitenote_note":"","_monsterinsights_sitenote_category":0,"footnotes":""},"categories":[176],"tags":[],"class_list":["post-81591","post","type-post","status-publish","format-standard","has-post-thumbnail","hentry","category-nacional"],"amp_enabled":true,"_links":{"self":[{"href":"https:\/\/lahora.mx\/index.php\/wp-json\/wp\/v2\/posts\/81591","targetHints":{"allow":["GET"]}}],"collection":[{"href":"https:\/\/lahora.mx\/index.php\/wp-json\/wp\/v2\/posts"}],"about":[{"href":"https:\/\/lahora.mx\/index.php\/wp-json\/wp\/v2\/types\/post"}],"author":[{"embeddable":true,"href":"https:\/\/lahora.mx\/index.php\/wp-json\/wp\/v2\/users\/1"}],"replies":[{"embeddable":true,"href":"https:\/\/lahora.mx\/index.php\/wp-json\/wp\/v2\/comments?post=81591"}],"version-history":[{"count":1,"href":"https:\/\/lahora.mx\/index.php\/wp-json\/wp\/v2\/posts\/81591\/revisions"}],"predecessor-version":[{"id":81593,"href":"https:\/\/lahora.mx\/index.php\/wp-json\/wp\/v2\/posts\/81591\/revisions\/81593"}],"wp:featuredmedia":[{"embeddable":true,"href":"https:\/\/lahora.mx\/index.php\/wp-json\/wp\/v2\/media\/81592"}],"wp:attachment":[{"href":"https:\/\/lahora.mx\/index.php\/wp-json\/wp\/v2\/media?parent=81591"}],"wp:term":[{"taxonomy":"category","embeddable":true,"href":"https:\/\/lahora.mx\/index.php\/wp-json\/wp\/v2\/categories?post=81591"},{"taxonomy":"post_tag","embeddable":true,"href":"https:\/\/lahora.mx\/index.php\/wp-json\/wp\/v2\/tags?post=81591"}],"curies":[{"name":"wp","href":"https:\/\/api.w.org\/{rel}","templated":true}]}}