{"id":81584,"date":"2026-04-25T02:17:23","date_gmt":"2026-04-25T02:17:23","guid":{"rendered":"https:\/\/lahora.mx\/?p=81584"},"modified":"2026-04-25T02:17:24","modified_gmt":"2026-04-25T02:17:24","slug":"cabildo-de-puebla-aprueba-celebrar-convenio-para-que-gobierno-del-estado-cobre-el-predial","status":"publish","type":"post","link":"https:\/\/lahora.mx\/index.php\/2026\/04\/25\/cabildo-de-puebla-aprueba-celebrar-convenio-para-que-gobierno-del-estado-cobre-el-predial\/","title":{"rendered":"Cabildo de Puebla aprueba celebrar convenio para que Gobierno del Estado cobre el predial"},"content":{"rendered":"\n<p>El Cabildo de Puebla aprob\u00f3 facultar al presidente municipal Jos\u00e9 Chedraui Budib la firma de un convenio para que el Gobierno del Estado, a trav\u00e9s de la Secretar\u00eda de Planeaci\u00f3n, Finanzas y Administraci\u00f3n, realice el cobro del impuesto predial a ciudadanos de la capital y lo administre, aunque a\u00fan no hay fecha para su entrada en vigor.<br>Con ello, el Gobierno estatal se quedar\u00e1 con el 5% de lo recaudado y el Ayuntamiento acceder\u00e1 al Fondo de Fomento Municipal (FFM), el cual forma parte del Ramo 28 y es de libre asignaci\u00f3n, es decir, no existe un rubro espec\u00edfico al que deba aplicarse, sino que lo determinar\u00e1 la administraci\u00f3n municipal, explic\u00f3 el regidor morenista Leobardo Rodr\u00edguez Ju\u00e1rez.<\/p>\n\n\n\n<p>Durante la sesi\u00f3n extraordinaria del Cabildo de Puebla no se mencion\u00f3 si esto ocasionar\u00e1 cambios en las sedes o portales donde la ciudadan\u00eda puede pagar este impuesto. Lo anterior, debido a que apenas se aval\u00f3 con 19 votos a favor, cuatro en contra y una abstenci\u00f3n.<br>Hasta ahora, no hay una fecha espec\u00edfica para su entrada en vigor, puesto que depender\u00e1 de las gestiones que realicen las \u00e1reas involucradas del municipio, seg\u00fan lo informado.<\/p>\n\n\n\n<p>Cabildo de Puebla avala que Finanzas se haga cargo del cobro del predial<br>Durante el an\u00e1lisis del asunto, Leobardo Rodr\u00edguez se\u00f1al\u00f3 que el acuerdo propone tres puntos resolutivos. El primero corresponde a la autorizaci\u00f3n al presidente municipal, Jos\u00e9 Chedraui Budib, para suscribir el convenio con la Secretar\u00eda de Planeaci\u00f3n y Finanzas.<\/p>\n\n\n\n<p>El segundo es la instrucci\u00f3n a la Tesorer\u00eda Municipal para realizar las gestiones y adecuaciones necesarias para concretarlo, mientras que el tercero consiste en que la Secretar\u00eda de Gobierno publique el acuerdo en la Gaceta Municipal y en el Peri\u00f3dico Oficial del Estado (POE), el cual entrar\u00e1 en vigor un d\u00eda despu\u00e9s de su publicaci\u00f3n.<\/p>\n\n\n\n<p>Cuyo objeto permitir\u00e1 que las funciones de administraci\u00f3n y recaudaci\u00f3n del impuesto predial, a cargo del municipio, se asuman y ejerzan por la Secretar\u00eda de Planeaci\u00f3n y Finanzas<br>dijo el morenista.<br>De esta forma, el impuesto ahora ser\u00e1 recaudado por esta dependencia y no por el municipio de Puebla, como ocurre actualmente.<\/p>\n\n\n\n<p>Oposici\u00f3n critica la medida<br>El regidor Carlos Montiel Solana fue el \u00fanico integrante de la oposici\u00f3n que critic\u00f3 el punto, y lo calific\u00f3 como una intentona de disminuir la autonom\u00eda del municipio, ya que, desde su perspectiva, se cuenta con la capacidad para hacerse cargo de ese proceso.<\/p>\n\n\n\n<p>No refleja otra cosa m\u00e1s que la necesidad de seguir controlando a los municipios; es una intentona por parte del gobierno del estado y del gobierno federal hacia los estados, y de los estados hacia los municipios, de seguir centralizando el poder<br>dijo el panista.<\/p>\n","protected":false},"excerpt":{"rendered":"<p>El Cabildo de Puebla aprob\u00f3 facultar al presidente municipal Jos\u00e9 Chedraui Budib la firma de un convenio para que el Gobierno del Estado, a trav\u00e9s de la Secretar\u00eda de Planeaci\u00f3n, Finanzas y Administraci\u00f3n, realice el cobro del impuesto predial a ciudadanos de la capital y lo administre, aunque a\u00fan no hay fecha para su entrada [&hellip;]<\/p>\n","protected":false},"author":1,"featured_media":81585,"comment_status":"open","ping_status":"open","sticky":false,"template":"","format":"standard","meta":{"om_disable_all_campaigns":false,"_monsterinsights_skip_tracking":false,"_monsterinsights_sitenote_active":false,"_monsterinsights_sitenote_note":"","_monsterinsights_sitenote_category":0,"footnotes":""},"categories":[176],"tags":[223],"class_list":["post-81584","post","type-post","status-publish","format-standard","has-post-thumbnail","hentry","category-nacional","tag-puebla"],"amp_enabled":true,"_links":{"self":[{"href":"https:\/\/lahora.mx\/index.php\/wp-json\/wp\/v2\/posts\/81584","targetHints":{"allow":["GET"]}}],"collection":[{"href":"https:\/\/lahora.mx\/index.php\/wp-json\/wp\/v2\/posts"}],"about":[{"href":"https:\/\/lahora.mx\/index.php\/wp-json\/wp\/v2\/types\/post"}],"author":[{"embeddable":true,"href":"https:\/\/lahora.mx\/index.php\/wp-json\/wp\/v2\/users\/1"}],"replies":[{"embeddable":true,"href":"https:\/\/lahora.mx\/index.php\/wp-json\/wp\/v2\/comments?post=81584"}],"version-history":[{"count":1,"href":"https:\/\/lahora.mx\/index.php\/wp-json\/wp\/v2\/posts\/81584\/revisions"}],"predecessor-version":[{"id":81586,"href":"https:\/\/lahora.mx\/index.php\/wp-json\/wp\/v2\/posts\/81584\/revisions\/81586"}],"wp:featuredmedia":[{"embeddable":true,"href":"https:\/\/lahora.mx\/index.php\/wp-json\/wp\/v2\/media\/81585"}],"wp:attachment":[{"href":"https:\/\/lahora.mx\/index.php\/wp-json\/wp\/v2\/media?parent=81584"}],"wp:term":[{"taxonomy":"category","embeddable":true,"href":"https:\/\/lahora.mx\/index.php\/wp-json\/wp\/v2\/categories?post=81584"},{"taxonomy":"post_tag","embeddable":true,"href":"https:\/\/lahora.mx\/index.php\/wp-json\/wp\/v2\/tags?post=81584"}],"curies":[{"name":"wp","href":"https:\/\/api.w.org\/{rel}","templated":true}]}}