{"id":8144,"date":"2022-06-13T21:25:59","date_gmt":"2022-06-13T21:25:59","guid":{"rendered":"http:\/\/lahora.mx\/?p=8144"},"modified":"2022-06-13T21:26:00","modified_gmt":"2022-06-13T21:26:00","slug":"dos-ladrones-mas-de-tapas-de-alcantarillas-en-puebla-son-arrestados","status":"publish","type":"post","link":"https:\/\/lahora.mx\/index.php\/2022\/06\/13\/dos-ladrones-mas-de-tapas-de-alcantarillas-en-puebla-son-arrestados\/","title":{"rendered":"Dos ladrones m\u00e1s de tapas de alcantarillas en Puebla son arrestados"},"content":{"rendered":"\n<p>Como resultado de la atenci\u00f3n inmediata a denuncias de habitantes de la capital, la Secretar\u00eda de Seguridad Ciudadana (SSC) del Municipio de Puebla, logr\u00f3 la detenci\u00f3n de \u00c1ngel \u201cN.\u201d, de 54 a\u00f1os edad y Dami\u00e1n \u201cN.\u201d, de 31 a\u00f1os de edad, identificados como probables responsables en el robo de m\u00faltiples tapas de registro.<\/p>\n\n\n\n<p>Polic\u00edas municipales adscritos a la Zona Seis efectuaban un recorrido de vigilancia sobre la calle Vista Hermosa, a la altura de la colonia La Hacienda, cuando sorprendieron a los ocupantes de una camioneta Pontiac, Transport, color blanco, manipulando una tapa de registro pluvial.<\/p>\n\n\n\n<p>Ante la posible comisi\u00f3n de una conducta delictiva, los oficiales se aproximaron. Durante el desarrollo de la entrevista a los tripulantes, se constat\u00f3 que ambos masculinos no laboraban en alguna compa\u00f1\u00eda para realizar dicha actividad, por lo que se procedi\u00f3 a su detenci\u00f3n. Asimismo, se logr\u00f3 la recuperaci\u00f3n de la alcantarilla y el aseguramiento de diversa herramienta, presuntamente utilizada para cometer el il\u00edcito.<\/p>\n\n\n\n<p>Cabe se\u00f1alar que, la camioneta Pontiac, Transport, color blanco asegurada, coincide con las caracter\u00edsticas de otra unidad denunciada a trav\u00e9s de videos por parte de la ciudadan\u00eda, y que se le ve\u00eda recorriendo por las noches diferentes calles de la ciudad.<\/p>\n\n\n\n<p>Finalmente, ambos detenidos fueron presentados ante el agente del Ministerio P\u00fablico para las indagatorias correspondientes.<\/p>\n","protected":false},"excerpt":{"rendered":"<p>Como resultado de la atenci\u00f3n inmediata a denuncias de habitantes de la capital, la Secretar\u00eda de Seguridad Ciudadana (SSC) del Municipio de Puebla, logr\u00f3 la detenci\u00f3n de \u00c1ngel \u201cN.\u201d, de 54 a\u00f1os edad y Dami\u00e1n \u201cN.\u201d, de 31 a\u00f1os de edad, identificados como probables responsables en el robo de m\u00faltiples tapas de registro. Polic\u00edas municipales [&hellip;]<\/p>\n","protected":false},"author":4,"featured_media":8145,"comment_status":"open","ping_status":"open","sticky":false,"template":"","format":"standard","meta":{"om_disable_all_campaigns":false,"_monsterinsights_skip_tracking":false,"_monsterinsights_sitenote_active":false,"_monsterinsights_sitenote_note":"","_monsterinsights_sitenote_category":0,"footnotes":""},"categories":[175,226],"tags":[],"class_list":["post-8144","post","type-post","status-publish","format-standard","has-post-thumbnail","hentry","category-local","category-policia"],"amp_enabled":true,"_links":{"self":[{"href":"https:\/\/lahora.mx\/index.php\/wp-json\/wp\/v2\/posts\/8144","targetHints":{"allow":["GET"]}}],"collection":[{"href":"https:\/\/lahora.mx\/index.php\/wp-json\/wp\/v2\/posts"}],"about":[{"href":"https:\/\/lahora.mx\/index.php\/wp-json\/wp\/v2\/types\/post"}],"author":[{"embeddable":true,"href":"https:\/\/lahora.mx\/index.php\/wp-json\/wp\/v2\/users\/4"}],"replies":[{"embeddable":true,"href":"https:\/\/lahora.mx\/index.php\/wp-json\/wp\/v2\/comments?post=8144"}],"version-history":[{"count":1,"href":"https:\/\/lahora.mx\/index.php\/wp-json\/wp\/v2\/posts\/8144\/revisions"}],"predecessor-version":[{"id":8146,"href":"https:\/\/lahora.mx\/index.php\/wp-json\/wp\/v2\/posts\/8144\/revisions\/8146"}],"wp:featuredmedia":[{"embeddable":true,"href":"https:\/\/lahora.mx\/index.php\/wp-json\/wp\/v2\/media\/8145"}],"wp:attachment":[{"href":"https:\/\/lahora.mx\/index.php\/wp-json\/wp\/v2\/media?parent=8144"}],"wp:term":[{"taxonomy":"category","embeddable":true,"href":"https:\/\/lahora.mx\/index.php\/wp-json\/wp\/v2\/categories?post=8144"},{"taxonomy":"post_tag","embeddable":true,"href":"https:\/\/lahora.mx\/index.php\/wp-json\/wp\/v2\/tags?post=8144"}],"curies":[{"name":"wp","href":"https:\/\/api.w.org\/{rel}","templated":true}]}}