{"id":8141,"date":"2022-06-13T21:21:01","date_gmt":"2022-06-13T21:21:01","guid":{"rendered":"http:\/\/lahora.mx\/?p=8141"},"modified":"2022-06-13T21:21:02","modified_gmt":"2022-06-13T21:21:02","slug":"ampliacion-de-tunel-provoca-danos-debajo-de-lavaderos-de-almoloya","status":"publish","type":"post","link":"https:\/\/lahora.mx\/index.php\/2022\/06\/13\/ampliacion-de-tunel-provoca-danos-debajo-de-lavaderos-de-almoloya\/","title":{"rendered":"Ampliaci\u00f3n de t\u00fanel provoca da\u00f1os debajo de Lavaderos de Almoloya"},"content":{"rendered":"\n<p>Hotel de la zona de San Francisco mand\u00f3 a ampliar el t\u00fanel que est\u00e1 debajo de los Lavaderos de Almoloya y provoc\u00f3 da\u00f1os estructurales, raz\u00f3n por la cual el sitio fue cerrado, indic\u00f3 el gobernador Miguel Barbosa.<\/p>\n\n\n\n<p>\u00ab\u2026personas que ocuparon indebidamente esos lugares no se qu\u00e9 pensaban, que pod\u00edan hacer uso de ellos de manera total y los t\u00faneles que est\u00e1n abajo de los lavaderos los hicieron m\u00e1s grandes, sin reforzamientos, s\u00f3lo ampliaron y por tanto generaron un da\u00f1o estructural\u00bb, dijo.<\/p>\n\n\n\n<p>Dijo que el INAH consider\u00f3 que las miles de personas que estaban visitando el sitio corr\u00edan riesgos, por lo que se har\u00e1n las reparaciones y restauraciones pertinentes, \u00ab\u2026 de los t\u00faneles afectados por quienes abusaron de ello para hacerlos grandes\u00bb.<\/p>\n\n\n\n<p>Finalmente, agreg\u00f3 que incluso que el hotel que est\u00e1 junto a Casa Aguayo hizo un t\u00fanel hacia Las Trinitarias para cruzar la calle, pues as\u00ed novios y quincea\u00f1eras evitaban cruzar la calle, \u00ab.. fue un abuso desmedido, daba la impresi\u00f3n que estas construcci\u00f3n eran de ellos\u00bb.<\/p>\n","protected":false},"excerpt":{"rendered":"<p>Hotel de la zona de San Francisco mand\u00f3 a ampliar el t\u00fanel que est\u00e1 debajo de los Lavaderos de Almoloya y provoc\u00f3 da\u00f1os estructurales, raz\u00f3n por la cual el sitio fue cerrado, indic\u00f3 el gobernador Miguel Barbosa. \u00ab\u2026personas que ocuparon indebidamente esos lugares no se qu\u00e9 pensaban, que pod\u00edan hacer uso de ellos de manera [&hellip;]<\/p>\n","protected":false},"author":4,"featured_media":8142,"comment_status":"open","ping_status":"open","sticky":false,"template":"","format":"standard","meta":{"om_disable_all_campaigns":false,"_monsterinsights_skip_tracking":false,"_monsterinsights_sitenote_active":false,"_monsterinsights_sitenote_note":"","_monsterinsights_sitenote_category":0,"footnotes":""},"categories":[175],"tags":[],"class_list":["post-8141","post","type-post","status-publish","format-standard","has-post-thumbnail","hentry","category-local"],"amp_enabled":true,"_links":{"self":[{"href":"https:\/\/lahora.mx\/index.php\/wp-json\/wp\/v2\/posts\/8141","targetHints":{"allow":["GET"]}}],"collection":[{"href":"https:\/\/lahora.mx\/index.php\/wp-json\/wp\/v2\/posts"}],"about":[{"href":"https:\/\/lahora.mx\/index.php\/wp-json\/wp\/v2\/types\/post"}],"author":[{"embeddable":true,"href":"https:\/\/lahora.mx\/index.php\/wp-json\/wp\/v2\/users\/4"}],"replies":[{"embeddable":true,"href":"https:\/\/lahora.mx\/index.php\/wp-json\/wp\/v2\/comments?post=8141"}],"version-history":[{"count":1,"href":"https:\/\/lahora.mx\/index.php\/wp-json\/wp\/v2\/posts\/8141\/revisions"}],"predecessor-version":[{"id":8143,"href":"https:\/\/lahora.mx\/index.php\/wp-json\/wp\/v2\/posts\/8141\/revisions\/8143"}],"wp:featuredmedia":[{"embeddable":true,"href":"https:\/\/lahora.mx\/index.php\/wp-json\/wp\/v2\/media\/8142"}],"wp:attachment":[{"href":"https:\/\/lahora.mx\/index.php\/wp-json\/wp\/v2\/media?parent=8141"}],"wp:term":[{"taxonomy":"category","embeddable":true,"href":"https:\/\/lahora.mx\/index.php\/wp-json\/wp\/v2\/categories?post=8141"},{"taxonomy":"post_tag","embeddable":true,"href":"https:\/\/lahora.mx\/index.php\/wp-json\/wp\/v2\/tags?post=8141"}],"curies":[{"name":"wp","href":"https:\/\/api.w.org\/{rel}","templated":true}]}}