{"id":81102,"date":"2026-04-03T15:07:22","date_gmt":"2026-04-03T15:07:22","guid":{"rendered":"https:\/\/lahora.mx\/?p=81102"},"modified":"2026-04-17T15:09:25","modified_gmt":"2026-04-17T15:09:25","slug":"refuerza-ayuntamiento-de-tlaxcala-llamado-al-cuidado-del-agua-en-semana-santa","status":"publish","type":"post","link":"https:\/\/lahora.mx\/index.php\/2026\/04\/03\/refuerza-ayuntamiento-de-tlaxcala-llamado-al-cuidado-del-agua-en-semana-santa\/","title":{"rendered":"Refuerza ayuntamiento de Tlaxcala llamado al cuidado del agua en Semana Santa"},"content":{"rendered":"\n<p>El gobierno municipal de Tlaxcala, encabezado por Alfonso S\u00e1nchez Garc\u00eda, a trav\u00e9s de la Comisi\u00f3n de Agua Potable y Alcantarillado del Municipio (CAPAM), hizo un llamado a la ciudadan\u00eda a hacer un uso responsable del agua durante el periodo vacacional de Semana Santa, con el objetivo de garantizar el bienestar de las familias.<\/p>\n\n\n\n<p>De esta manera, la administraci\u00f3n municipal inform\u00f3 que el servicio de abastecimiento de agua potable se mantendr\u00e1 en horario normal, con lo que se reafirma su compromiso de brindar atenci\u00f3n continua a la poblaci\u00f3n durante estos d\u00edas, en los que incrementa el consumo del l\u00edquido vital.<\/p>\n\n\n\n<p>Asimismo, la CAPAM exhort\u00f3 a la poblaci\u00f3n a evitar el desperdicio de agua, al recordar que cada gota cuenta y que el cuidado de este recurso es una responsabilidad compartida. En caso de detectarse un uso indebido de este l\u00edquido, se podr\u00e1n aplicar sanciones conforme a la normativa vigente.<\/p>\n\n\n\n<p>Para fortalecer la atenci\u00f3n ciudadana, la CAPAM mantiene habilitados sus canales de comunicaci\u00f3n, incluyendo el n\u00famero de WhatsApp 246 180 8771 para reportes, as\u00ed atenci\u00f3n directa en sus oficinas ubicadas en la calle 20 de Noviembre, en el centro de la capital, desde donde se brinda orientaci\u00f3n y seguimiento a las necesidades de la poblaci\u00f3n.<\/p>\n\n\n\n<p><\/p>\n","protected":false},"excerpt":{"rendered":"<p>El gobierno municipal de Tlaxcala, encabezado por Alfonso S\u00e1nchez Garc\u00eda, a trav\u00e9s de la Comisi\u00f3n de Agua Potable y Alcantarillado del Municipio (CAPAM), hizo un llamado a la ciudadan\u00eda a hacer un uso responsable del agua durante el periodo vacacional de Semana Santa, con el objetivo de garantizar el bienestar de las familias. De esta [&hellip;]<\/p>\n","protected":false},"author":1,"featured_media":81103,"comment_status":"open","ping_status":"open","sticky":false,"template":"","format":"standard","meta":{"om_disable_all_campaigns":false,"_monsterinsights_skip_tracking":false,"_monsterinsights_sitenote_active":false,"_monsterinsights_sitenote_note":"","_monsterinsights_sitenote_category":0,"footnotes":""},"categories":[175],"tags":[210],"class_list":["post-81102","post","type-post","status-publish","format-standard","has-post-thumbnail","hentry","category-local","tag-tlaxcala"],"amp_enabled":true,"_links":{"self":[{"href":"https:\/\/lahora.mx\/index.php\/wp-json\/wp\/v2\/posts\/81102","targetHints":{"allow":["GET"]}}],"collection":[{"href":"https:\/\/lahora.mx\/index.php\/wp-json\/wp\/v2\/posts"}],"about":[{"href":"https:\/\/lahora.mx\/index.php\/wp-json\/wp\/v2\/types\/post"}],"author":[{"embeddable":true,"href":"https:\/\/lahora.mx\/index.php\/wp-json\/wp\/v2\/users\/1"}],"replies":[{"embeddable":true,"href":"https:\/\/lahora.mx\/index.php\/wp-json\/wp\/v2\/comments?post=81102"}],"version-history":[{"count":1,"href":"https:\/\/lahora.mx\/index.php\/wp-json\/wp\/v2\/posts\/81102\/revisions"}],"predecessor-version":[{"id":81104,"href":"https:\/\/lahora.mx\/index.php\/wp-json\/wp\/v2\/posts\/81102\/revisions\/81104"}],"wp:featuredmedia":[{"embeddable":true,"href":"https:\/\/lahora.mx\/index.php\/wp-json\/wp\/v2\/media\/81103"}],"wp:attachment":[{"href":"https:\/\/lahora.mx\/index.php\/wp-json\/wp\/v2\/media?parent=81102"}],"wp:term":[{"taxonomy":"category","embeddable":true,"href":"https:\/\/lahora.mx\/index.php\/wp-json\/wp\/v2\/categories?post=81102"},{"taxonomy":"post_tag","embeddable":true,"href":"https:\/\/lahora.mx\/index.php\/wp-json\/wp\/v2\/tags?post=81102"}],"curies":[{"name":"wp","href":"https:\/\/api.w.org\/{rel}","templated":true}]}}