{"id":8097,"date":"2022-06-12T21:50:08","date_gmt":"2022-06-12T21:50:08","guid":{"rendered":"http:\/\/lahora.mx\/?p=8097"},"modified":"2022-06-12T21:50:09","modified_gmt":"2022-06-12T21:50:09","slug":"sep-puebla-anuncia-instalacion-de-paneles-solares-en-escuelas","status":"publish","type":"post","link":"https:\/\/lahora.mx\/index.php\/2022\/06\/12\/sep-puebla-anuncia-instalacion-de-paneles-solares-en-escuelas\/","title":{"rendered":"SEP Puebla anuncia instalaci\u00f3n de paneles solares en escuelas"},"content":{"rendered":"\n<p>Con el objetivo de evitar la contaminaci\u00f3n del aire, que las facturas de electricidad se incrementen y exista un beneficio reflejado en la econom\u00eda de los padres de familia, la Secretar\u00eda de Educaci\u00f3n y la Agencia de Energ\u00eda del Estado firmaron un convenio denominado \u201cEscuelas Solares\u201d, al respecto el titular de la SEP, Melit\u00f3n Lozano P\u00e9rez se\u00f1al\u00f3 que, esta acci\u00f3n fomentar\u00e1 el ahorro energ\u00e9tico en los planteles educativos.<\/p>\n\n\n\n<p>Lozano P\u00e9rez agradeci\u00f3 el apoyo del gobernador Miguel Barbosa Huerta para dicho proyecto, y mencion\u00f3 que, los paneles solares tambi\u00e9n pueden proporcionar energ\u00eda renovable, limpia y disponible, adem\u00e1s de que profesores y alumnos podr\u00e1n conocer las ventajas que tiene el uso de la energ\u00eda fotovoltaica. Agreg\u00f3 que esta es una acci\u00f3n permanente, y que en distintas etapas habr\u00e1n de incorporase m\u00e1s escuelas.<\/p>\n\n\n\n<p>Este acuerdo contempla la instalaci\u00f3n de 2 mil 623 paneles solares que beneficiar\u00e1n a 69 instituciones educativas, que estar\u00e1n interconectadas con un sistema fotovoltaico distribuido en: Centros de Atenci\u00f3n M\u00faltiple (CAM), preescolares, primarias, secundarias, telesecundarias y bachilleratos, as\u00ed como 33 Centros Escolares, en 60 municipios, con un beneficio directo a 80 mil 35 aprendientes, inform\u00f3 Jorge Emilio Barber, director general de la Agencia de Energ\u00eda del Estado de Puebla.<\/p>\n\n\n\n<p>El convenio tambi\u00e9n tendr\u00e1 beneficios en materia de bienestar social al contribuir al aprovechamiento de los recursos naturales de manera racional, en el \u00e1mbito econ\u00f3mico al generar empleos para los habitantes de las localidades; las escuelas contribuir\u00e1n a mitigar las emisiones de contaminaci\u00f3n y habr\u00e1 una difusi\u00f3n del uso de energ\u00edas renovables, el evento fue celebrado para dar seguimiento a los festejos del \u201cD\u00eda Mundial del Medio Ambiente\u201d.<\/p>\n","protected":false},"excerpt":{"rendered":"<p>Con el objetivo de evitar la contaminaci\u00f3n del aire, que las facturas de electricidad se incrementen y exista un beneficio reflejado en la econom\u00eda de los padres de familia, la Secretar\u00eda de Educaci\u00f3n y la Agencia de Energ\u00eda del Estado firmaron un convenio denominado \u201cEscuelas Solares\u201d, al respecto el titular de la SEP, Melit\u00f3n Lozano [&hellip;]<\/p>\n","protected":false},"author":4,"featured_media":8098,"comment_status":"open","ping_status":"open","sticky":false,"template":"","format":"standard","meta":{"om_disable_all_campaigns":false,"_monsterinsights_skip_tracking":false,"_monsterinsights_sitenote_active":false,"_monsterinsights_sitenote_note":"","_monsterinsights_sitenote_category":0,"footnotes":""},"categories":[175],"tags":[223],"class_list":["post-8097","post","type-post","status-publish","format-standard","has-post-thumbnail","hentry","category-local","tag-puebla"],"amp_enabled":true,"_links":{"self":[{"href":"https:\/\/lahora.mx\/index.php\/wp-json\/wp\/v2\/posts\/8097","targetHints":{"allow":["GET"]}}],"collection":[{"href":"https:\/\/lahora.mx\/index.php\/wp-json\/wp\/v2\/posts"}],"about":[{"href":"https:\/\/lahora.mx\/index.php\/wp-json\/wp\/v2\/types\/post"}],"author":[{"embeddable":true,"href":"https:\/\/lahora.mx\/index.php\/wp-json\/wp\/v2\/users\/4"}],"replies":[{"embeddable":true,"href":"https:\/\/lahora.mx\/index.php\/wp-json\/wp\/v2\/comments?post=8097"}],"version-history":[{"count":1,"href":"https:\/\/lahora.mx\/index.php\/wp-json\/wp\/v2\/posts\/8097\/revisions"}],"predecessor-version":[{"id":8099,"href":"https:\/\/lahora.mx\/index.php\/wp-json\/wp\/v2\/posts\/8097\/revisions\/8099"}],"wp:featuredmedia":[{"embeddable":true,"href":"https:\/\/lahora.mx\/index.php\/wp-json\/wp\/v2\/media\/8098"}],"wp:attachment":[{"href":"https:\/\/lahora.mx\/index.php\/wp-json\/wp\/v2\/media?parent=8097"}],"wp:term":[{"taxonomy":"category","embeddable":true,"href":"https:\/\/lahora.mx\/index.php\/wp-json\/wp\/v2\/categories?post=8097"},{"taxonomy":"post_tag","embeddable":true,"href":"https:\/\/lahora.mx\/index.php\/wp-json\/wp\/v2\/tags?post=8097"}],"curies":[{"name":"wp","href":"https:\/\/api.w.org\/{rel}","templated":true}]}}