{"id":8094,"date":"2022-06-12T21:47:55","date_gmt":"2022-06-12T21:47:55","guid":{"rendered":"http:\/\/lahora.mx\/?p=8094"},"modified":"2022-06-12T21:47:57","modified_gmt":"2022-06-12T21:47:57","slug":"encuesta-para-elegir-al-candidato-de-morena-a-la-presidencia-mario-delgado","status":"publish","type":"post","link":"https:\/\/lahora.mx\/index.php\/2022\/06\/12\/encuesta-para-elegir-al-candidato-de-morena-a-la-presidencia-mario-delgado\/","title":{"rendered":"Encuesta para elegir al candidato de Morena a la Presidencia: Mario Delgado"},"content":{"rendered":"\n<p>El dirigente nacional de Morena, Mario Delgado anunci\u00f3 que en un a\u00f1o de realizar\u00e1 la encuesta para elegir al candidato o candidata a la Presidencia por parte del movimiento de la cuarta transformaci\u00f3n, y asegur\u00f3 que cualquiera podr\u00e1 participar.<br>Tras asegurar que \u00abninguna persona va a sustituir el liderazgo de Andr\u00e9s Manuel L\u00f3pez Obrador\u00bb, dijo que la continuidad del movimiento depende de la unidad.<\/p>\n\n\n\n<p>Por ello, hizo un llamado a los interesados a la candidatura presidencial a que participen el pr\u00f3ximo a\u00f1o en una primera encuesta. Despu\u00e9s se obtendr\u00e1n a los finalistas que estar\u00e1n en la contienda.<\/p>\n\n\n\n<p>PUBLICIDAD<\/p>\n\n\n\n<p>En el evento organizado en Toluca, Mario Delgado tambi\u00e9n anunci\u00f3 que har\u00e1n una renovaci\u00f3n de consejos y comit\u00e9s directivos para preparar al movimiento para la organizaci\u00f3n de las elecciones en 2023 y 2024.\u201d<\/p>\n\n\n\n<p>Lo anterior incluye la renovaci\u00f3n de los documentos b\u00e1sicos del partido, aunque asegur\u00f3 que no se cambiara esencia de la cuarta transformaci\u00f3n.<\/p>\n\n\n\n<p>Asisten \u201ccorcholatas\u201d y gobernadores<br>Al mitin realizado en Toluca acudi\u00f3 la plana mayor de Morena, incluyendo a los aspirantes a la presidencia: Claudia Sheinbaum, Marcelo Ebrard y Ad\u00e1n Augusto L\u00f3pez.<\/p>\n\n\n\n<p>Tambi\u00e9n estaban presentes los gobernadores electos Mara Lezama, de Quintana Roo; Salom\u00f3n Jara, de Oaxaca y Am\u00e9rico Villarreal, de Tamaulipas, as\u00ed como las aspirantes Nora Ruvalcaba y Marina Vitela, que no lograron la gubernatura en Aguascalientes y Durango respectivamente.<\/p>\n\n\n\n<p>Tambi\u00e9n acudieron los gobernadores Layda Sansores, de Campeche; Rutilio Escand\u00f3n, Chiapas; Alfredo Ramirez Bedolla, Michoac\u00e1n; Cuauht\u00e9moc Blanco, Morelos; Miguel \u00c1ngel Navarro, Nayarit; Ricardo Gallardo, San Luis Potos\u00ed; Rub\u00e9n Rocha, Sinaloa y Lorena Cu\u00e9llar de Tlaxcala.<\/p>\n\n\n\n<p>Pese a estar invitado, el senador y coordinador de Morena, Ricardo Monreal no acudi\u00f3 al evento.<\/p>\n\n\n\n<p>Al tomar el micr\u00f3fono, la gobernadora electa de Quintana Roo, Mara Lezama hizo un reconocimiento a las bases del movimiento por promover el voto a Morena en las pasadas elecciones.<\/p>\n","protected":false},"excerpt":{"rendered":"<p>El dirigente nacional de Morena, Mario Delgado anunci\u00f3 que en un a\u00f1o de realizar\u00e1 la encuesta para elegir al candidato o candidata a la Presidencia por parte del movimiento de la cuarta transformaci\u00f3n, y asegur\u00f3 que cualquiera podr\u00e1 participar.Tras asegurar que \u00abninguna persona va a sustituir el liderazgo de Andr\u00e9s Manuel L\u00f3pez Obrador\u00bb, dijo que [&hellip;]<\/p>\n","protected":false},"author":4,"featured_media":8095,"comment_status":"open","ping_status":"open","sticky":false,"template":"","format":"standard","meta":{"om_disable_all_campaigns":false,"_monsterinsights_skip_tracking":false,"_monsterinsights_sitenote_active":false,"_monsterinsights_sitenote_note":"","_monsterinsights_sitenote_category":0,"footnotes":""},"categories":[176],"tags":[],"class_list":["post-8094","post","type-post","status-publish","format-standard","has-post-thumbnail","hentry","category-nacional"],"amp_enabled":true,"_links":{"self":[{"href":"https:\/\/lahora.mx\/index.php\/wp-json\/wp\/v2\/posts\/8094","targetHints":{"allow":["GET"]}}],"collection":[{"href":"https:\/\/lahora.mx\/index.php\/wp-json\/wp\/v2\/posts"}],"about":[{"href":"https:\/\/lahora.mx\/index.php\/wp-json\/wp\/v2\/types\/post"}],"author":[{"embeddable":true,"href":"https:\/\/lahora.mx\/index.php\/wp-json\/wp\/v2\/users\/4"}],"replies":[{"embeddable":true,"href":"https:\/\/lahora.mx\/index.php\/wp-json\/wp\/v2\/comments?post=8094"}],"version-history":[{"count":1,"href":"https:\/\/lahora.mx\/index.php\/wp-json\/wp\/v2\/posts\/8094\/revisions"}],"predecessor-version":[{"id":8096,"href":"https:\/\/lahora.mx\/index.php\/wp-json\/wp\/v2\/posts\/8094\/revisions\/8096"}],"wp:featuredmedia":[{"embeddable":true,"href":"https:\/\/lahora.mx\/index.php\/wp-json\/wp\/v2\/media\/8095"}],"wp:attachment":[{"href":"https:\/\/lahora.mx\/index.php\/wp-json\/wp\/v2\/media?parent=8094"}],"wp:term":[{"taxonomy":"category","embeddable":true,"href":"https:\/\/lahora.mx\/index.php\/wp-json\/wp\/v2\/categories?post=8094"},{"taxonomy":"post_tag","embeddable":true,"href":"https:\/\/lahora.mx\/index.php\/wp-json\/wp\/v2\/tags?post=8094"}],"curies":[{"name":"wp","href":"https:\/\/api.w.org\/{rel}","templated":true}]}}