{"id":8083,"date":"2022-06-12T17:03:44","date_gmt":"2022-06-12T17:03:44","guid":{"rendered":"http:\/\/lahora.mx\/?p=8083"},"modified":"2022-06-12T17:03:45","modified_gmt":"2022-06-12T17:03:45","slug":"mexico-registra-el-segundo-caso-de-viruela-del-mono-en-cdmx-confirma-lopez-gatell","status":"publish","type":"post","link":"https:\/\/lahora.mx\/index.php\/2022\/06\/12\/mexico-registra-el-segundo-caso-de-viruela-del-mono-en-cdmx-confirma-lopez-gatell\/","title":{"rendered":"M\u00e9xico registra el segundo caso de viruela del mono en CDMX, confirma L\u00f3pez-Gatell"},"content":{"rendered":"\n<p>M\u00e9xico registr\u00f3 el segundo caso de viruela s\u00edmica en la ciudad de M\u00e9xico, confirm\u00f3 el subsecretario de Prevenci\u00f3n y Promoci\u00f3n de la Salud, Hugo L\u00f3pez Gatell.<br>\u201cComparto que el InDRE ha confirmado un segundo caso de viruela s\u00edmica en la Ciudad de M\u00e9xico. El paciente se encuentra estable, recibe atenci\u00f3n m\u00e9dica y se establecieron las medidas de aislamiento y control\u201d, expuso el funcionario federal en su cuenta de Twitter.<\/p>\n\n\n\n<p>El pasado 28 de mayo, el propio L\u00f3pez Gatell dio a conocer del primer caso declarado en M\u00e9xico de este padecimiento.<\/p>\n\n\n\n<p>Se trat\u00f3 de un hombre de 50 a\u00f1os que, se dijo, reside habitualmente en Nueva York y quien probablemente se contagi\u00f3 en Holanda.<\/p>\n","protected":false},"excerpt":{"rendered":"<p>M\u00e9xico registr\u00f3 el segundo caso de viruela s\u00edmica en la ciudad de M\u00e9xico, confirm\u00f3 el subsecretario de Prevenci\u00f3n y Promoci\u00f3n de la Salud, Hugo L\u00f3pez Gatell.\u201cComparto que el InDRE ha confirmado un segundo caso de viruela s\u00edmica en la Ciudad de M\u00e9xico. El paciente se encuentra estable, recibe atenci\u00f3n m\u00e9dica y se establecieron las medidas [&hellip;]<\/p>\n","protected":false},"author":4,"featured_media":8084,"comment_status":"open","ping_status":"open","sticky":false,"template":"","format":"standard","meta":{"om_disable_all_campaigns":false,"_monsterinsights_skip_tracking":false,"_monsterinsights_sitenote_active":false,"_monsterinsights_sitenote_note":"","_monsterinsights_sitenote_category":0,"footnotes":""},"categories":[176],"tags":[195],"class_list":["post-8083","post","type-post","status-publish","format-standard","has-post-thumbnail","hentry","category-nacional","tag-principal"],"amp_enabled":true,"_links":{"self":[{"href":"https:\/\/lahora.mx\/index.php\/wp-json\/wp\/v2\/posts\/8083","targetHints":{"allow":["GET"]}}],"collection":[{"href":"https:\/\/lahora.mx\/index.php\/wp-json\/wp\/v2\/posts"}],"about":[{"href":"https:\/\/lahora.mx\/index.php\/wp-json\/wp\/v2\/types\/post"}],"author":[{"embeddable":true,"href":"https:\/\/lahora.mx\/index.php\/wp-json\/wp\/v2\/users\/4"}],"replies":[{"embeddable":true,"href":"https:\/\/lahora.mx\/index.php\/wp-json\/wp\/v2\/comments?post=8083"}],"version-history":[{"count":1,"href":"https:\/\/lahora.mx\/index.php\/wp-json\/wp\/v2\/posts\/8083\/revisions"}],"predecessor-version":[{"id":8085,"href":"https:\/\/lahora.mx\/index.php\/wp-json\/wp\/v2\/posts\/8083\/revisions\/8085"}],"wp:featuredmedia":[{"embeddable":true,"href":"https:\/\/lahora.mx\/index.php\/wp-json\/wp\/v2\/media\/8084"}],"wp:attachment":[{"href":"https:\/\/lahora.mx\/index.php\/wp-json\/wp\/v2\/media?parent=8083"}],"wp:term":[{"taxonomy":"category","embeddable":true,"href":"https:\/\/lahora.mx\/index.php\/wp-json\/wp\/v2\/categories?post=8083"},{"taxonomy":"post_tag","embeddable":true,"href":"https:\/\/lahora.mx\/index.php\/wp-json\/wp\/v2\/tags?post=8083"}],"curies":[{"name":"wp","href":"https:\/\/api.w.org\/{rel}","templated":true}]}}