{"id":8065,"date":"2022-06-10T22:21:41","date_gmt":"2022-06-10T22:21:41","guid":{"rendered":"http:\/\/lahora.mx\/?p=8065"},"modified":"2022-06-10T22:21:43","modified_gmt":"2022-06-10T22:21:43","slug":"sedif-entrega-a-familias-vulnerables-de-tlaxcala-cocinas-y-calentadores","status":"publish","type":"post","link":"https:\/\/lahora.mx\/index.php\/2022\/06\/10\/sedif-entrega-a-familias-vulnerables-de-tlaxcala-cocinas-y-calentadores\/","title":{"rendered":"SEDIF entrega a familias vulnerables de Tlaxcala  cocinas y calentadores"},"content":{"rendered":"\n<p>A trav\u00e9s del Sistema Estatal para el Desarrollo Integral de la Familia SEDIF, 150 familias en condiciones de vulnerabilidad recibieron un paquete hidr\u00e1ulico, que consiste en un calentador solar de 10 tubos, el tinaco de mil 200 litros y tuber\u00eda para su instalaci\u00f3n.<\/p>\n\n\n\n<p>Adem\u00e1s, otras 80 familias fueron beneficiadas con cocinas rurales, que incluyen una estufa, un refrigerador de 7 pies c\u00fabicos y el tanque de gas de 20 kilos, y que en suma asciende a una inversi\u00f3n de dos millones 650 mil pesos.<br>Los apoyos fueron entregados a personas de Huamantla, Apetatitl\u00e1n, Contla, Panotla, Calpulalpan, Tzompantepec, Atlzayanca, Espa\u00f1ita, Nativitas, Atlangatepec, Xaltocan, Yauhquemehcan, Hueyotlipan, Amaxac, Ixtacuixtla, Tetlatlahuca, Papalotla, Ixtenco, Axocomanitla, cuapiaxtla, Tecopilco, Zitlaltepec, Coaxomulco, Texoloc, Nopalucan, Xaloztoc, Nanacamilpa, Santa Cruz Tlaxcala y Teolocholco.<br><\/p>\n\n\n\n<p>Durante el evento protocolario, llevado a cabo en el Domo Blanco del Recinto Ferial, la gobernadora Lorena Cu\u00e9llar Cisneros asevero que su administraci\u00f3n, de la Cuarta Transformaci\u00f3n, es diferente a administraciones anteriores.<\/p>\n\n\n\n<p>Coment\u00f3 que los apoyos otorgados est\u00e1n dirigidos para apoyar la econom\u00eda de la poblaci\u00f3n con grado medio, alto y muy alto de marginaci\u00f3n.<br><\/p>\n\n\n\n<p>Se\u00f1al\u00f3 que&nbsp;<strong>para su gobierno lo m\u00e1s importante son las personas<\/strong>, y que las decisiones que son tomadas y las pol\u00edticas p\u00fablicas que implementan van dirigidas a las personas que tienen mayor necesidad.<\/p>\n\n\n\n<p>Acompa\u00f1ada\u00a0<strong>de Mariana Espinosa de los Monteros Cu\u00e9llar<\/strong>, presidenta honor\u00edfica del SEDIF, indic\u00f3 que con la entrega de esos apoyos las personas ya no tendr\u00e1n que hacer esfuerzo para ir a recolectar su le\u00f1a, pero tambi\u00e9n destac\u00f3 el ahorro econ\u00f3mico que tendr\u00e1n a sus bolsillos, espec\u00edficamente en el tema del calentador solar.<\/p>\n\n\n\n<p>Resalt\u00f3 que&nbsp;<strong>los que menos tienen siempre ser\u00e1n una prioridad para su gobierno,<\/strong>&nbsp;por lo que record\u00f3 que han puesto en marcha un programa de comedor comunitario y tiendas de abasto social, con productos de la canasta b\u00e1sica a precios accesibles.<\/p>\n\n\n\n<p><a href=\"https:\/\/www.elsoldetlaxcala.com.mx\/local\/municipios\/toma-sedif-custodia-de-menor-desaparecida-en-tetlatlahuca-8391762.html\"><\/p>\n\n\n\n<p>\u00abEstoy muy contenta con este trabajo que llevo de toda mi vida, 30 a\u00f1os o m\u00e1s recorriendo las comunidades, apoyando en las cirug\u00edas, en las pr\u00f3tesis, en sillas de ruedas y en muchas cosas que la vida me dio la oportunidad de servirles\u00bb, expres\u00f3<\/p>\n\n\n\n<p>Por su lado,&nbsp;<strong>la presidenta del SEDIF indic\u00f3 que llegaron a las personas que realmente necesitaban un apoyo de ese tipo<\/strong>, y con ello fortalecer\u00e1n su forma de vida, aunque sea m\u00ednimo.<\/p>\n","protected":false},"excerpt":{"rendered":"<p>A trav\u00e9s del Sistema Estatal para el Desarrollo Integral de la Familia SEDIF, 150 familias en condiciones de vulnerabilidad recibieron un paquete hidr\u00e1ulico, que consiste en un calentador solar de 10 tubos, el tinaco de mil 200 litros y tuber\u00eda para su instalaci\u00f3n. Adem\u00e1s, otras 80 familias fueron beneficiadas con cocinas rurales, que incluyen una [&hellip;]<\/p>\n","protected":false},"author":4,"featured_media":8066,"comment_status":"open","ping_status":"open","sticky":false,"template":"","format":"standard","meta":{"om_disable_all_campaigns":false,"_monsterinsights_skip_tracking":false,"_monsterinsights_sitenote_active":false,"_monsterinsights_sitenote_note":"","_monsterinsights_sitenote_category":0,"footnotes":""},"categories":[176],"tags":[195,210],"class_list":["post-8065","post","type-post","status-publish","format-standard","has-post-thumbnail","hentry","category-nacional","tag-principal","tag-tlaxcala"],"amp_enabled":true,"_links":{"self":[{"href":"https:\/\/lahora.mx\/index.php\/wp-json\/wp\/v2\/posts\/8065","targetHints":{"allow":["GET"]}}],"collection":[{"href":"https:\/\/lahora.mx\/index.php\/wp-json\/wp\/v2\/posts"}],"about":[{"href":"https:\/\/lahora.mx\/index.php\/wp-json\/wp\/v2\/types\/post"}],"author":[{"embeddable":true,"href":"https:\/\/lahora.mx\/index.php\/wp-json\/wp\/v2\/users\/4"}],"replies":[{"embeddable":true,"href":"https:\/\/lahora.mx\/index.php\/wp-json\/wp\/v2\/comments?post=8065"}],"version-history":[{"count":1,"href":"https:\/\/lahora.mx\/index.php\/wp-json\/wp\/v2\/posts\/8065\/revisions"}],"predecessor-version":[{"id":8067,"href":"https:\/\/lahora.mx\/index.php\/wp-json\/wp\/v2\/posts\/8065\/revisions\/8067"}],"wp:featuredmedia":[{"embeddable":true,"href":"https:\/\/lahora.mx\/index.php\/wp-json\/wp\/v2\/media\/8066"}],"wp:attachment":[{"href":"https:\/\/lahora.mx\/index.php\/wp-json\/wp\/v2\/media?parent=8065"}],"wp:term":[{"taxonomy":"category","embeddable":true,"href":"https:\/\/lahora.mx\/index.php\/wp-json\/wp\/v2\/categories?post=8065"},{"taxonomy":"post_tag","embeddable":true,"href":"https:\/\/lahora.mx\/index.php\/wp-json\/wp\/v2\/tags?post=8065"}],"curies":[{"name":"wp","href":"https:\/\/api.w.org\/{rel}","templated":true}]}}