{"id":8032,"date":"2022-06-10T18:21:19","date_gmt":"2022-06-10T18:21:19","guid":{"rendered":"http:\/\/lahora.mx\/?p=8032"},"modified":"2022-06-10T18:21:21","modified_gmt":"2022-06-10T18:21:21","slug":"nuevos-videos-muestran-a-pareja-desaparecida-tomando-metrobus-en-san-bartolo","status":"publish","type":"post","link":"https:\/\/lahora.mx\/index.php\/2022\/06\/10\/nuevos-videos-muestran-a-pareja-desaparecida-tomando-metrobus-en-san-bartolo\/","title":{"rendered":"Nuevos videos muestran a pareja desaparecida tomando metrob\u00fas en San Bartolo"},"content":{"rendered":"\n<p>Im\u00e1genes de las c\u00e1maras de vigilancia de la Red Urbana de Transporte Articulado (RUTA) confirman que la pareja de esposos desaparecida en el mercado de La Cuchilla el pasado 1 de junio, abordaron el metrob\u00fas en el paradero de San Bartolo para dirigirse al citado mercado sin que hasta ahora se conozca sobre su paradero.<\/p>\n\n\n\n<p>De acuerdo con las im\u00e1genes que ya circulan en redes sociales, se aprecia c\u00f3mo David B\u00e1ez Aburto,de 29 a\u00f1os de edad, y su esposa Jocel\u00edn Carreto Xaltenco, de 28 a\u00f1os, pagaron su entrada al paradero de RUTA en San Bartolo a las 12:45 horas.<\/p>\n\n\n\n<p>Unos minutos despu\u00e9s se les ve en el paradero esperando la llegada del metrob\u00fas. Seg\u00fan lo que muestran las c\u00e1maras de vigilancia, \u00e9l vest\u00eda de pantal\u00f3n, playera y cubrebocas negros y una mochila tambi\u00e9n color negro.<br>Jocel\u00edn iba con cubrebocas blanco, playera gris, pants color verde y tenis color negro.<\/p>\n\n\n\n<p>La familia de los j\u00f3venes anunci\u00f3 que seguir\u00e1 con la b\u00fasqueda de sus seres queridos ya que seg\u00fan el padre de David, no se ve un trabajo real por parte de las autoridades.<\/p>\n\n\n\n<p>Por el caso, la familia de la pareja ha realizado diversas manifestaciones tanto en la Fiscal\u00eda de Puebla como en Casa Aguayo en demanda de que la autoridad acelera la b\u00fasqueda de la pareja.<\/p>\n","protected":false},"excerpt":{"rendered":"<p>Im\u00e1genes de las c\u00e1maras de vigilancia de la Red Urbana de Transporte Articulado (RUTA) confirman que la pareja de esposos desaparecida en el mercado de La Cuchilla el pasado 1 de junio, abordaron el metrob\u00fas en el paradero de San Bartolo para dirigirse al citado mercado sin que hasta ahora se conozca sobre su paradero. [&hellip;]<\/p>\n","protected":false},"author":4,"featured_media":8033,"comment_status":"open","ping_status":"open","sticky":false,"template":"","format":"standard","meta":{"om_disable_all_campaigns":false,"_monsterinsights_skip_tracking":false,"_monsterinsights_sitenote_active":false,"_monsterinsights_sitenote_note":"","_monsterinsights_sitenote_category":0,"footnotes":""},"categories":[175],"tags":[195,223],"class_list":["post-8032","post","type-post","status-publish","format-standard","has-post-thumbnail","hentry","category-local","tag-principal","tag-puebla"],"amp_enabled":true,"_links":{"self":[{"href":"https:\/\/lahora.mx\/index.php\/wp-json\/wp\/v2\/posts\/8032","targetHints":{"allow":["GET"]}}],"collection":[{"href":"https:\/\/lahora.mx\/index.php\/wp-json\/wp\/v2\/posts"}],"about":[{"href":"https:\/\/lahora.mx\/index.php\/wp-json\/wp\/v2\/types\/post"}],"author":[{"embeddable":true,"href":"https:\/\/lahora.mx\/index.php\/wp-json\/wp\/v2\/users\/4"}],"replies":[{"embeddable":true,"href":"https:\/\/lahora.mx\/index.php\/wp-json\/wp\/v2\/comments?post=8032"}],"version-history":[{"count":1,"href":"https:\/\/lahora.mx\/index.php\/wp-json\/wp\/v2\/posts\/8032\/revisions"}],"predecessor-version":[{"id":8034,"href":"https:\/\/lahora.mx\/index.php\/wp-json\/wp\/v2\/posts\/8032\/revisions\/8034"}],"wp:featuredmedia":[{"embeddable":true,"href":"https:\/\/lahora.mx\/index.php\/wp-json\/wp\/v2\/media\/8033"}],"wp:attachment":[{"href":"https:\/\/lahora.mx\/index.php\/wp-json\/wp\/v2\/media?parent=8032"}],"wp:term":[{"taxonomy":"category","embeddable":true,"href":"https:\/\/lahora.mx\/index.php\/wp-json\/wp\/v2\/categories?post=8032"},{"taxonomy":"post_tag","embeddable":true,"href":"https:\/\/lahora.mx\/index.php\/wp-json\/wp\/v2\/tags?post=8032"}],"curies":[{"name":"wp","href":"https:\/\/api.w.org\/{rel}","templated":true}]}}