{"id":7972,"date":"2022-06-09T01:05:28","date_gmt":"2022-06-09T01:05:28","guid":{"rendered":"http:\/\/lahora.mx\/?p=7972"},"modified":"2022-06-09T01:05:29","modified_gmt":"2022-06-09T01:05:29","slug":"naason-joaquin-garcia-es-condenado-a-16-anos-y-ocho-meses-en-la-carcel","status":"publish","type":"post","link":"https:\/\/lahora.mx\/index.php\/2022\/06\/09\/naason-joaquin-garcia-es-condenado-a-16-anos-y-ocho-meses-en-la-carcel\/","title":{"rendered":"Naas\u00f3n Joaqu\u00edn Garc\u00eda es condenado a 16 a\u00f1os y ocho meses en la c\u00e1rcel"},"content":{"rendered":"\n<p>Naas\u00f3n Joaqu\u00edn Garc\u00eda, l\u00edder de la iglesia La Luz del Mundo, fue condenado a 16 a\u00f1os y 8 meses en una c\u00e1rcel estadunidense por el delito de abuso infantil.<\/p>\n\n\n\n<p>Naas\u00f3n admiti\u00f3 dos cargos de sexo oral forzado incluyendo a menores y otro de acto lascivo con un menor de 15 a\u00f1os.<\/p>\n\n\n\n<p>El religioso fue arrestado en el aeropuerto de Los \u00c1ngeles el 3 de junio de 2019, y desde entonces se encuentra detenido.<\/p>\n\n\n\n<p>Consideradas sus c\u00f3mplices, junto con \u00e9l fueron capturadas Susana Medina Oaxaca y Alondra Ocampo, quien en 2020 se declar\u00f3 culpable de tres cargos de contactar a menores para actos sexuales y un cargo de penetraci\u00f3n sexual forzada.<\/p>\n\n\n\n<p>Luz del Mundo fue fundada en 1926 en Guadalajara por el padre de Garc\u00eda, Eusebio Joaqu\u00edn Gonz\u00e1lez, quien aseguraba haber tenido en sue\u00f1os una \u00abrevelaci\u00f3n divina\u00bb.<\/p>\n\n\n\n<p>La congregaci\u00f3n surgi\u00f3 como una rama de la Iglesia Apost\u00f3lica de la Fe en Cristo Jes\u00fas, derivaci\u00f3n de la Iglesia Pentecostal, y sus fieles, a quienes se les denomina \u00abaaronitas\u00bb, requieren permiso de los l\u00edderes dirigentes para viajar, estudiar, trabajar o casarse.<\/p>\n\n\n\n<p>En marzo de 2020, las autoridades mexicanas congelaron casi 20 millones de d\u00f3lares en cuentas de seis personas ligadas a la iglesia La Luz del Mundo.<\/p>\n","protected":false},"excerpt":{"rendered":"<p>Naas\u00f3n Joaqu\u00edn Garc\u00eda, l\u00edder de la iglesia La Luz del Mundo, fue condenado a 16 a\u00f1os y 8 meses en una c\u00e1rcel estadunidense por el delito de abuso infantil. Naas\u00f3n admiti\u00f3 dos cargos de sexo oral forzado incluyendo a menores y otro de acto lascivo con un menor de 15 a\u00f1os. El religioso fue arrestado [&hellip;]<\/p>\n","protected":false},"author":4,"featured_media":7973,"comment_status":"open","ping_status":"open","sticky":false,"template":"","format":"standard","meta":{"om_disable_all_campaigns":false,"_monsterinsights_skip_tracking":false,"_monsterinsights_sitenote_active":false,"_monsterinsights_sitenote_note":"","_monsterinsights_sitenote_category":0,"footnotes":""},"categories":[176],"tags":[],"class_list":["post-7972","post","type-post","status-publish","format-standard","has-post-thumbnail","hentry","category-nacional"],"amp_enabled":true,"_links":{"self":[{"href":"https:\/\/lahora.mx\/index.php\/wp-json\/wp\/v2\/posts\/7972","targetHints":{"allow":["GET"]}}],"collection":[{"href":"https:\/\/lahora.mx\/index.php\/wp-json\/wp\/v2\/posts"}],"about":[{"href":"https:\/\/lahora.mx\/index.php\/wp-json\/wp\/v2\/types\/post"}],"author":[{"embeddable":true,"href":"https:\/\/lahora.mx\/index.php\/wp-json\/wp\/v2\/users\/4"}],"replies":[{"embeddable":true,"href":"https:\/\/lahora.mx\/index.php\/wp-json\/wp\/v2\/comments?post=7972"}],"version-history":[{"count":1,"href":"https:\/\/lahora.mx\/index.php\/wp-json\/wp\/v2\/posts\/7972\/revisions"}],"predecessor-version":[{"id":7974,"href":"https:\/\/lahora.mx\/index.php\/wp-json\/wp\/v2\/posts\/7972\/revisions\/7974"}],"wp:featuredmedia":[{"embeddable":true,"href":"https:\/\/lahora.mx\/index.php\/wp-json\/wp\/v2\/media\/7973"}],"wp:attachment":[{"href":"https:\/\/lahora.mx\/index.php\/wp-json\/wp\/v2\/media?parent=7972"}],"wp:term":[{"taxonomy":"category","embeddable":true,"href":"https:\/\/lahora.mx\/index.php\/wp-json\/wp\/v2\/categories?post=7972"},{"taxonomy":"post_tag","embeddable":true,"href":"https:\/\/lahora.mx\/index.php\/wp-json\/wp\/v2\/tags?post=7972"}],"curies":[{"name":"wp","href":"https:\/\/api.w.org\/{rel}","templated":true}]}}