{"id":7966,"date":"2022-06-09T00:55:32","date_gmt":"2022-06-09T00:55:32","guid":{"rendered":"http:\/\/lahora.mx\/?p=7966"},"modified":"2022-06-09T00:55:33","modified_gmt":"2022-06-09T00:55:33","slug":"se-le-imputa-a-zavala-feminicidio-de-monzon-y-le-sale-otra-denuncia","status":"publish","type":"post","link":"https:\/\/lahora.mx\/index.php\/2022\/06\/09\/se-le-imputa-a-zavala-feminicidio-de-monzon-y-le-sale-otra-denuncia\/","title":{"rendered":"Se le Imputa a Zavala feminicidio de Monz\u00f3n y le sale otra denuncia"},"content":{"rendered":"\n<p>El excandidato del PRI a la gubernatura de Puebla, Javier L\u00f3pez Zavala, fue acusado formalmente del feminicidio de su expareja, la abogada Cecilia Monz\u00f3n P\u00e9rez, pero sali\u00f3 a relucir que desde 2021 su otra expareja, Avianet M\u00e9ndez, tambi\u00e9n denunci\u00f3 abusos, pero acus\u00f3 fue ignorada por la Fiscal\u00eda General del Estado (FGE).<\/p>\n\n\n\n<p>En una audiencia celebrada la madrugada de este mi\u00e9rcoles, al exdiputado y su ex asistente personal, Santiago B\u00e1rcena \u00c1lvarez, se les imput\u00f3 el delito de feminicidio de la activista, cometido el 21 de mayo.<\/p>\n\n\n\n<p>Desde las 22 horas del martes ambos fueron trasladados a la Casa de Justicia de San Mart\u00edn Texmelucan, donde fueron presentados ante un juez de Control para su audiencia de formulaci\u00f3n de imputaci\u00f3n por el delito de feminicidio.<br>L\u00f3pez Zavala fue trasladado desde el penal de San Pedro Cholula, a donde ingres\u00f3 el martes luego de que se le imput\u00f3 el delito de violencia familiar, y B\u00e1rcena \u00c1lvarez fue llevado desde las instalaciones del Complejo Metropolitano de Seguridad P\u00fablica (C5), donde se encontraba a disposici\u00f3n del agente del Ministerio P\u00fablico (MP), quien decidi\u00f3 judicializar su caso.<\/p>\n\n\n\n<p>En la audiencia de este d\u00eda el representante de la Fiscal\u00eda General del Estado (FGE) formul\u00f3 imputaci\u00f3n contra el expriista y B\u00e1rcena \u00c1lvarez, quien tambi\u00e9n fungi\u00f3 como delegado de Relaciones Exteriores (SRE) en Puebla de 2016 a 2019.<\/p>\n\n\n\n<p>Los dos solicitaron por medio de sus abogados la duplicidad del t\u00e9rmino constitucional de 144 horas, para que en otra audiencia se resuelva si ser\u00e1n vinculados a proceso.<br>Sobre L\u00f3pez Zavala prevaleci\u00f3 la medida cautelar de prisi\u00f3n preventiva, dictada en la audiencia del martes, mientras que a su exasistente se le impuso por primera vez prisi\u00f3n preventiva oficiosa.<\/p>\n\n\n\n<p>El primero fue devuelto al penal de San Pedro Cholula, y Santiago B\u00e1rcena fue enviado al Cereso de San Miguel, donde permanecer\u00e1n hasta que se resuelva su situaci\u00f3n legal.<\/p>\n\n\n\n<p>Aunque tres de los presuntos implicados en el asesinato de Monz\u00f3n P\u00e9rez ya est\u00e1n detenidos acusados de feminicidio, falta capturar a un sujeto identificado como Silvestre N., quien est\u00e1 pr\u00f3fugo y es se\u00f1alado como el que dispar\u00f3 seis veces contra la abogada.<\/p>\n\n\n\n<p>Otra expareja denunci\u00f3 abusos desde 2021<\/p>\n\n\n\n<p>\u201cEs un hombre golpeador, es un hombre al que le gusta someter, presionar, asustar y la verdad temo por mi vida; por la m\u00eda y la de mis hijas. Estoy pidiendo apoyo, si algo me llega a pasar lo hago responsable a \u00e9l\u201d, denunci\u00f3 en 2021 Avianet M\u00e9ndez, otra ex pareja sentimental de Javier L\u00f3pez Zavala.<\/p>\n\n\n\n<p>Avianet public\u00f3 un video cuando ya estaba en tr\u00e1mites de divorcio, luego de un a\u00f1o y un mes de contraer matrimonio con L\u00f3pez Zavala. Sin embargo, explic\u00f3 que su relaci\u00f3n comenz\u00f3 desde hace 20 a\u00f1os y eran padres de tres hijas.<\/p>\n\n\n\n<p>La mujer, tambi\u00e9n v\u00edctima de violencia familiar, acus\u00f3 que en varias ocasiones se present\u00f3 golpeada ante la Fiscal\u00eda General del Estado (FGE) para denunciar al exdiputado, pero la denuncia nunca procedi\u00f3.<\/p>\n\n\n\n<p>\u201cYa fui con las autoridades, pero no hacen caso, no procede. He ido golpeada, pero no, no procedi\u00f3 este caso, soy abogada y estoy tratando de salvarme\u201d, alert\u00f3 en aquel momento.<\/p>\n\n\n\n<p>Censuran demanda de justicia<\/p>\n\n\n\n<p>Los espectaculares que ayer fueron colocados en diversos puntos de Puebla con el mensaje #JusticiaParaCecilia fueron censurados. El que se instal\u00f3 frente a la Fiscal\u00eda General del Estado (FGE) fue cubierto con una lona.<\/p>\n\n\n\n<p>Helena Monz\u00f3n, hermana de la abogada v\u00edctima de feminicidio, acus\u00f3 que \u201cla cosa est\u00e1 caliente para m\u00ed y mi familia, no para los feminicidas\u201d.<\/p>\n\n\n\n<p>Gracias a donativos de amigas y familiares de Cecilia Monz\u00f3n, el martes se instalaron los espectaculares con la exigencia de justicia, en zonas como Plaza Dorada, Plaza Crystal y el Hospital Puebla.<\/p>\n\n\n\n<p>Sin embargo, hoy los espectaculares colocados en el bulevar 5 de Mayo y la 31 Oriente, en inmediaciones del edificio principal de la FGE, amanecieron cubiertos con una lona.<\/p>\n\n\n\n<p>En redes sociales, Helena Monz\u00f3n se\u00f1al\u00f3 que \u201cas\u00ed responde una parte de Puebla a la verdad, escondi\u00e9ndose y deseando que no hagamos ruido\u201d y advirti\u00f3 que se trata de un mensaje \u201cen contra de quienes contribuimos\u201d.<\/p>\n\n\n\n<p>El gobernador Luis Miguel Barbosa Huerta a su vez reclam\u00f3 nulo apoyo de las polic\u00edas municipales en el caso de Cecilia Monz\u00f3n, a pesar de que Paola Angon Silva, alcaldesa de San Pedro Cholula, prometi\u00f3 trabajar \u201cen estrecha coordinaci\u00f3n con la FGE para dar con los autores intelectuales y materiales\u201d.<\/p>\n\n\n\n<p>\u201c\u00bfPor qu\u00e9 no nos ayudan las polic\u00edas municipales a esclarecer los hechos? \u00bfPor qu\u00e9 no nos ayudan? El d\u00eda que se conozca c\u00f3mo est\u00e1 articulada, por ejemplo, la investigaci\u00f3n de lo del asesinato de Cecilia Monz\u00f3n, van a ver cu\u00e1ntas cosas se tuvieron que hacer y no recibimos la colaboraci\u00f3n de ninguna autoridad municipal, de ninguna\u201d, reproch\u00f3 el mandatario este mi\u00e9rcoles en conferencia de prensa.<\/p>\n","protected":false},"excerpt":{"rendered":"<p>El excandidato del PRI a la gubernatura de Puebla, Javier L\u00f3pez Zavala, fue acusado formalmente del feminicidio de su expareja, la abogada Cecilia Monz\u00f3n P\u00e9rez, pero sali\u00f3 a relucir que desde 2021 su otra expareja, Avianet M\u00e9ndez, tambi\u00e9n denunci\u00f3 abusos, pero acus\u00f3 fue ignorada por la Fiscal\u00eda General del Estado (FGE). En una audiencia celebrada [&hellip;]<\/p>\n","protected":false},"author":4,"featured_media":7967,"comment_status":"open","ping_status":"open","sticky":false,"template":"","format":"standard","meta":{"om_disable_all_campaigns":false,"_monsterinsights_skip_tracking":false,"_monsterinsights_sitenote_active":false,"_monsterinsights_sitenote_note":"","_monsterinsights_sitenote_category":0,"footnotes":""},"categories":[176],"tags":[195],"class_list":["post-7966","post","type-post","status-publish","format-standard","has-post-thumbnail","hentry","category-nacional","tag-principal"],"amp_enabled":true,"_links":{"self":[{"href":"https:\/\/lahora.mx\/index.php\/wp-json\/wp\/v2\/posts\/7966","targetHints":{"allow":["GET"]}}],"collection":[{"href":"https:\/\/lahora.mx\/index.php\/wp-json\/wp\/v2\/posts"}],"about":[{"href":"https:\/\/lahora.mx\/index.php\/wp-json\/wp\/v2\/types\/post"}],"author":[{"embeddable":true,"href":"https:\/\/lahora.mx\/index.php\/wp-json\/wp\/v2\/users\/4"}],"replies":[{"embeddable":true,"href":"https:\/\/lahora.mx\/index.php\/wp-json\/wp\/v2\/comments?post=7966"}],"version-history":[{"count":1,"href":"https:\/\/lahora.mx\/index.php\/wp-json\/wp\/v2\/posts\/7966\/revisions"}],"predecessor-version":[{"id":7968,"href":"https:\/\/lahora.mx\/index.php\/wp-json\/wp\/v2\/posts\/7966\/revisions\/7968"}],"wp:featuredmedia":[{"embeddable":true,"href":"https:\/\/lahora.mx\/index.php\/wp-json\/wp\/v2\/media\/7967"}],"wp:attachment":[{"href":"https:\/\/lahora.mx\/index.php\/wp-json\/wp\/v2\/media?parent=7966"}],"wp:term":[{"taxonomy":"category","embeddable":true,"href":"https:\/\/lahora.mx\/index.php\/wp-json\/wp\/v2\/categories?post=7966"},{"taxonomy":"post_tag","embeddable":true,"href":"https:\/\/lahora.mx\/index.php\/wp-json\/wp\/v2\/tags?post=7966"}],"curies":[{"name":"wp","href":"https:\/\/api.w.org\/{rel}","templated":true}]}}