{"id":7957,"date":"2022-06-09T00:42:58","date_gmt":"2022-06-09T00:42:58","guid":{"rendered":"http:\/\/lahora.mx\/?p=7957"},"modified":"2022-06-09T00:42:59","modified_gmt":"2022-06-09T00:42:59","slug":"el-presidente-municipal-de-teopisca-chiapas-es-ejecutado","status":"publish","type":"post","link":"https:\/\/lahora.mx\/index.php\/2022\/06\/09\/el-presidente-municipal-de-teopisca-chiapas-es-ejecutado\/","title":{"rendered":"El presidente municipal de Teopisca, Chiapas es ejecutado"},"content":{"rendered":"\n<p>Autoridades de Chiapas confirmaron el asesinato de Rub\u00e9n de Jes\u00fas Valdez D\u00edaz, presidente municipal de Teopisca por el Partido Verde (PVEM), quien fue interceptado y ejecutado por hombres armados afuera de su hogar.<\/p>\n\n\n\n<p>De acuerdo con los primeros reportes el asesinato ocurri\u00f3 cerca de las 10 horas cuando el funcionario se dispon\u00eda a salir de su casa en su veh\u00edculo, sin embargo, fue acribillado por sicarios a bordo de una motocicleta que ya lo estaban esperando.<\/p>\n\n\n\n<p>A trav\u00e9s de un comunicado la Fiscal\u00eda General del Estado (FGE) confirm\u00f3 el asesinato del edil para el trienio 2021-2024, por lo que iniciaron la investigaci\u00f3n correspondiente en contra de quien o quienes resulten culpables del homicidio.<br>Asimismo, elementos de la Polic\u00eda Estatal y municipal acordonaron la zona para recabar pruebas, descubriendo en el lugar 16 casquillos y cuatro impactos de bala en el veh\u00edculo. Param\u00e9dicos de Protecci\u00f3n Civil informaron que a su llegada el funcionario ya no contaba con signos vitales.<\/p>\n\n\n\n<p>Jorge Mart\u00ednez, presidente del PVEM en Tuxtla Guti\u00e9rrez lament\u00f3 el asesinato y exigi\u00f3 a las autoridades que se realicen las investigaciones correspondientes para esclarecer el homicidio, as\u00ed como envi\u00f3 sus condolencias a los familiares.<\/p>\n\n\n\n<p>Durante su campa\u00f1a, en mayo de 2021, el entonces aspirante denunci\u00f3 un atentado que dej\u00f3 a cinco de sus colaboradores con heridas.<\/p>\n\n\n\n<p>De acuerdo con la consultora Etellekt, referente de violencia pol\u00edtica en el pa\u00eds, con este crimen suman 17 alcaldes asesinados en el sexenio del presidente Andr\u00e9s Manuel L\u00f3pez Obrador, los cuales de 2000 a 2022 suman 94 ediles asesinados.<\/p>\n","protected":false},"excerpt":{"rendered":"<p>Autoridades de Chiapas confirmaron el asesinato de Rub\u00e9n de Jes\u00fas Valdez D\u00edaz, presidente municipal de Teopisca por el Partido Verde (PVEM), quien fue interceptado y ejecutado por hombres armados afuera de su hogar. De acuerdo con los primeros reportes el asesinato ocurri\u00f3 cerca de las 10 horas cuando el funcionario se dispon\u00eda a salir de [&hellip;]<\/p>\n","protected":false},"author":4,"featured_media":7958,"comment_status":"open","ping_status":"open","sticky":false,"template":"","format":"standard","meta":{"om_disable_all_campaigns":false,"_monsterinsights_skip_tracking":false,"_monsterinsights_sitenote_active":false,"_monsterinsights_sitenote_note":"","_monsterinsights_sitenote_category":0,"footnotes":""},"categories":[176],"tags":[],"class_list":["post-7957","post","type-post","status-publish","format-standard","has-post-thumbnail","hentry","category-nacional"],"amp_enabled":true,"_links":{"self":[{"href":"https:\/\/lahora.mx\/index.php\/wp-json\/wp\/v2\/posts\/7957","targetHints":{"allow":["GET"]}}],"collection":[{"href":"https:\/\/lahora.mx\/index.php\/wp-json\/wp\/v2\/posts"}],"about":[{"href":"https:\/\/lahora.mx\/index.php\/wp-json\/wp\/v2\/types\/post"}],"author":[{"embeddable":true,"href":"https:\/\/lahora.mx\/index.php\/wp-json\/wp\/v2\/users\/4"}],"replies":[{"embeddable":true,"href":"https:\/\/lahora.mx\/index.php\/wp-json\/wp\/v2\/comments?post=7957"}],"version-history":[{"count":1,"href":"https:\/\/lahora.mx\/index.php\/wp-json\/wp\/v2\/posts\/7957\/revisions"}],"predecessor-version":[{"id":7959,"href":"https:\/\/lahora.mx\/index.php\/wp-json\/wp\/v2\/posts\/7957\/revisions\/7959"}],"wp:featuredmedia":[{"embeddable":true,"href":"https:\/\/lahora.mx\/index.php\/wp-json\/wp\/v2\/media\/7958"}],"wp:attachment":[{"href":"https:\/\/lahora.mx\/index.php\/wp-json\/wp\/v2\/media?parent=7957"}],"wp:term":[{"taxonomy":"category","embeddable":true,"href":"https:\/\/lahora.mx\/index.php\/wp-json\/wp\/v2\/categories?post=7957"},{"taxonomy":"post_tag","embeddable":true,"href":"https:\/\/lahora.mx\/index.php\/wp-json\/wp\/v2\/tags?post=7957"}],"curies":[{"name":"wp","href":"https:\/\/api.w.org\/{rel}","templated":true}]}}