{"id":7938,"date":"2022-06-08T19:23:05","date_gmt":"2022-06-08T19:23:05","guid":{"rendered":"http:\/\/lahora.mx\/?p=7938"},"modified":"2022-06-08T19:23:06","modified_gmt":"2022-06-08T19:23:06","slug":"en-puebla-los-hechos-delictivos-se-investigan-y-no-se-olvidan-barbosa","status":"publish","type":"post","link":"https:\/\/lahora.mx\/index.php\/2022\/06\/08\/en-puebla-los-hechos-delictivos-se-investigan-y-no-se-olvidan-barbosa\/","title":{"rendered":"En Puebla, los hechos delictivos se investigan y no se olvidan: Barbosa"},"content":{"rendered":"\n<p>El mandatario estatal, Miguel Barbosa Huerta se\u00f1al\u00f3 que en Puebla todo asunto delictivo que se comete se investiga, no se olvida.<\/p>\n\n\n\n<p>Lo anterior al referir que siguen las investigaciones para la localizaci\u00f3n de la pareja de esposos desaparecida tras salir de su vivienda en San Bartolo hacia la zona de La Cuchilla.<\/p>\n\n\n\n<p>\u00ab\u2026 todo asunto delictivo no se deja a un lado, investigamos y estamos pendiente de todo, estoy dando seguimiento al asunto de esta pareja y todos los d\u00edas recibo informaci\u00f3n de todos los casos\u00bb, dijo.<\/p>\n\n\n\n<p>Revel\u00f3 que atendi\u00f3 a los padres de los desaparecidos en el pasado Martes Ciudadano y pidieron informaci\u00f3n sobre el caso de sus hijos, por lo que fueron enviados a la FGE, pero luego de una reuni\u00f3n con Gilberto Higuera Bernal, al parecer los familiares salieron insatisfechos de lo que fueron informados y se pudieron a cerrar calles.<\/p>\n\n\n\n<p>\u00ab\u2026 vi que algunas personas se pusieron a bloquear las avenidas, as\u00ed no van a conseguir nada, las autoridades van a realizar su trabajo, van a hallar a los responsables si hay un delito contra las personas desaparecidas\u2026 ya que la gente no sienta que tapando una carretera la autoridad va a reaccionar, pues la autoridad est\u00e1 trabajando\u00bb.<\/p>\n\n\n\n<p>Finalmente, Barbosa Huerta pidi\u00f3 confianza para saber que la autoridad est\u00e1 trabajando en el complejo escenario de violencia que se vive, adem\u00e1s de conminar a los familiares de los desaparecidos a acudir nuevamente a Casa Aguayo.<\/p>\n","protected":false},"excerpt":{"rendered":"<p>El mandatario estatal, Miguel Barbosa Huerta se\u00f1al\u00f3 que en Puebla todo asunto delictivo que se comete se investiga, no se olvida. Lo anterior al referir que siguen las investigaciones para la localizaci\u00f3n de la pareja de esposos desaparecida tras salir de su vivienda en San Bartolo hacia la zona de La Cuchilla. \u00ab\u2026 todo asunto [&hellip;]<\/p>\n","protected":false},"author":4,"featured_media":7939,"comment_status":"open","ping_status":"open","sticky":false,"template":"","format":"standard","meta":{"om_disable_all_campaigns":false,"_monsterinsights_skip_tracking":false,"_monsterinsights_sitenote_active":false,"_monsterinsights_sitenote_note":"","_monsterinsights_sitenote_category":0,"footnotes":""},"categories":[175],"tags":[],"class_list":["post-7938","post","type-post","status-publish","format-standard","has-post-thumbnail","hentry","category-local"],"amp_enabled":true,"_links":{"self":[{"href":"https:\/\/lahora.mx\/index.php\/wp-json\/wp\/v2\/posts\/7938","targetHints":{"allow":["GET"]}}],"collection":[{"href":"https:\/\/lahora.mx\/index.php\/wp-json\/wp\/v2\/posts"}],"about":[{"href":"https:\/\/lahora.mx\/index.php\/wp-json\/wp\/v2\/types\/post"}],"author":[{"embeddable":true,"href":"https:\/\/lahora.mx\/index.php\/wp-json\/wp\/v2\/users\/4"}],"replies":[{"embeddable":true,"href":"https:\/\/lahora.mx\/index.php\/wp-json\/wp\/v2\/comments?post=7938"}],"version-history":[{"count":1,"href":"https:\/\/lahora.mx\/index.php\/wp-json\/wp\/v2\/posts\/7938\/revisions"}],"predecessor-version":[{"id":7940,"href":"https:\/\/lahora.mx\/index.php\/wp-json\/wp\/v2\/posts\/7938\/revisions\/7940"}],"wp:featuredmedia":[{"embeddable":true,"href":"https:\/\/lahora.mx\/index.php\/wp-json\/wp\/v2\/media\/7939"}],"wp:attachment":[{"href":"https:\/\/lahora.mx\/index.php\/wp-json\/wp\/v2\/media?parent=7938"}],"wp:term":[{"taxonomy":"category","embeddable":true,"href":"https:\/\/lahora.mx\/index.php\/wp-json\/wp\/v2\/categories?post=7938"},{"taxonomy":"post_tag","embeddable":true,"href":"https:\/\/lahora.mx\/index.php\/wp-json\/wp\/v2\/tags?post=7938"}],"curies":[{"name":"wp","href":"https:\/\/api.w.org\/{rel}","templated":true}]}}