{"id":7925,"date":"2022-06-08T19:14:40","date_gmt":"2022-06-08T19:14:40","guid":{"rendered":"http:\/\/lahora.mx\/?p=7925"},"modified":"2022-06-08T19:14:41","modified_gmt":"2022-06-08T19:14:41","slug":"se-le-imputa-feminicidio-de-cecilia-monzon-a-lopez-zavala","status":"publish","type":"post","link":"https:\/\/lahora.mx\/index.php\/2022\/06\/08\/se-le-imputa-feminicidio-de-cecilia-monzon-a-lopez-zavala\/","title":{"rendered":"Se le imputa feminicidio de Cecilia Monz\u00f3n a L\u00f3pez Zavala"},"content":{"rendered":"\n<p>En una segunda audiencia celebrada entre la noche del martes y la madrugada de este mi\u00e9rcoles, el expriista Javier L\u00f3pez Zavala y Santiago B\u00e1rcena \u00c1lvarez, su exasistente, fueron acusados formalmente del delito de feminicidio en contra de la abogada Cecilia Monz\u00f3n P\u00e9rez.<\/p>\n\n\n\n<p>Fue poco antes de las 22 horas que los dos acusados fueron trasladados a la Casa de Justicia de San Mart\u00edn Texmelucan, donde fueron presentados ante un juez de control para su audiencia de formulaci\u00f3n de imputaci\u00f3n, aunque esta nueva audiencia fue por el delito de feminicidio cometido en agravio de la tambi\u00e9n activista.<\/p>\n\n\n\n<p>L\u00f3pez Zavala fue trasladado desde el penal de San Pedro Cholula donde el mismo martes fue ingresado previo a la audiencia en la que se le formul\u00f3 imputaci\u00f3n por el delito de violencia familiar, y B\u00e1rcena \u00c1lvarez fue llevado desde las instalaciones del Complejo Metropolitano de Seguridad P\u00fablica (C5) donde se encontraba a disposici\u00f3n del agente del Ministerio P\u00fablico (MP) que al final decidi\u00f3 judicializar su caso.<br>Fue as\u00ed como en audiencia el representante de la Fiscal\u00eda General del Estado (FGE) formul\u00f3 imputaci\u00f3n contra el expriista y de B\u00e1rcena \u00c1lvarez, quien tambi\u00e9n fungi\u00f3 como delegado de Relaciones Exteriores en Puebla.<\/p>\n\n\n\n<p>Los dos solicitaron por medio de sus abogados la duplicidad del t\u00e9rmino constitucional de 144 horas para que en una segunda audiencia se resuelva si ser\u00e1n vinculados a proceso.<\/p>\n\n\n\n<p>Sobre L\u00f3pez Zavala, se indic\u00f3 que prevaleciera la medida cautelar de prisi\u00f3n preventiva dictada en la primera audiencia y a Santiago tambi\u00e9n se le impuso prisi\u00f3n preventiva oficiosa<br>Confirma FGE: L\u00f3pez Zavala mand\u00f3 a asesinar a Monz\u00f3n (cronolog\u00eda)<br>El primero fue devuelto al penal de San Pedro Cholula y su exasistente fue enviado al Cereso de San Miguel. En esos lugares ambos permanecer\u00e1n hasta que se resuelva su situaci\u00f3n legal y aunque tres de los presuntos implicados en el asesinato de Monz\u00f3n P\u00e9rez ya est\u00e1n se\u00f1alados de feminicidio a\u00fan falta un sujeto m\u00e1s por detener y que est\u00e1 pr\u00f3fugo de las autoridades policiacas.<\/p>\n","protected":false},"excerpt":{"rendered":"<p>En una segunda audiencia celebrada entre la noche del martes y la madrugada de este mi\u00e9rcoles, el expriista Javier L\u00f3pez Zavala y Santiago B\u00e1rcena \u00c1lvarez, su exasistente, fueron acusados formalmente del delito de feminicidio en contra de la abogada Cecilia Monz\u00f3n P\u00e9rez. Fue poco antes de las 22 horas que los dos acusados fueron trasladados [&hellip;]<\/p>\n","protected":false},"author":4,"featured_media":7926,"comment_status":"open","ping_status":"open","sticky":false,"template":"","format":"standard","meta":{"om_disable_all_campaigns":false,"_monsterinsights_skip_tracking":false,"_monsterinsights_sitenote_active":false,"_monsterinsights_sitenote_note":"","_monsterinsights_sitenote_category":0,"footnotes":""},"categories":[176],"tags":[],"class_list":["post-7925","post","type-post","status-publish","format-standard","has-post-thumbnail","hentry","category-nacional"],"amp_enabled":true,"_links":{"self":[{"href":"https:\/\/lahora.mx\/index.php\/wp-json\/wp\/v2\/posts\/7925","targetHints":{"allow":["GET"]}}],"collection":[{"href":"https:\/\/lahora.mx\/index.php\/wp-json\/wp\/v2\/posts"}],"about":[{"href":"https:\/\/lahora.mx\/index.php\/wp-json\/wp\/v2\/types\/post"}],"author":[{"embeddable":true,"href":"https:\/\/lahora.mx\/index.php\/wp-json\/wp\/v2\/users\/4"}],"replies":[{"embeddable":true,"href":"https:\/\/lahora.mx\/index.php\/wp-json\/wp\/v2\/comments?post=7925"}],"version-history":[{"count":1,"href":"https:\/\/lahora.mx\/index.php\/wp-json\/wp\/v2\/posts\/7925\/revisions"}],"predecessor-version":[{"id":7927,"href":"https:\/\/lahora.mx\/index.php\/wp-json\/wp\/v2\/posts\/7925\/revisions\/7927"}],"wp:featuredmedia":[{"embeddable":true,"href":"https:\/\/lahora.mx\/index.php\/wp-json\/wp\/v2\/media\/7926"}],"wp:attachment":[{"href":"https:\/\/lahora.mx\/index.php\/wp-json\/wp\/v2\/media?parent=7925"}],"wp:term":[{"taxonomy":"category","embeddable":true,"href":"https:\/\/lahora.mx\/index.php\/wp-json\/wp\/v2\/categories?post=7925"},{"taxonomy":"post_tag","embeddable":true,"href":"https:\/\/lahora.mx\/index.php\/wp-json\/wp\/v2\/tags?post=7925"}],"curies":[{"name":"wp","href":"https:\/\/api.w.org\/{rel}","templated":true}]}}