{"id":7922,"date":"2022-06-08T19:10:30","date_gmt":"2022-06-08T19:10:30","guid":{"rendered":"http:\/\/lahora.mx\/?p=7922"},"modified":"2022-06-08T19:10:31","modified_gmt":"2022-06-08T19:10:31","slug":"vw-estrena-comercial-grabado-en-calles-del-ch","status":"publish","type":"post","link":"https:\/\/lahora.mx\/index.php\/2022\/06\/08\/vw-estrena-comercial-grabado-en-calles-del-ch\/","title":{"rendered":"VW estrena comercial grabado en calles del CH"},"content":{"rendered":"\n<p>Las calles del Centro Hist\u00f3rico de Puebla fueron presumidas a trav\u00e9s del comercial que Volkswagen estren\u00f3 en las p\u00e1ginas oficiales de sus redes sociales, sobre la presentaci\u00f3n del nuevo Golf R 2023 \u00bfya lo viste? Aqu\u00ed te lo presentamos.<\/p>\n\n\n\n<p>Fue el pasado 7 de abril cuando las calles de la 5 oriente, entre 16 de septiembre y 2 sur, cerraron la circulaci\u00f3n vehicular para la grabaci\u00f3n de la publicidad de este nuevo veh\u00edculo que la empresa alemana lanzar\u00eda; en aquel entonces, no se ten\u00edan mayores detalles, sin embargo, decenas de personas que caminaba por la zona se deten\u00edan para apreciar la filmaci\u00f3n y tomar fotos y videos.<\/p>\n\n\n\n<p>De esta manera fue como, a casi dos meses de aquella grabaci\u00f3n, el pasado 6 de junio VW lanz\u00f3 por medio de redes sociales el tan esperado comercial, el cual, a parte de mostrar el nuevo producto de la empresa armadora, destacan calles principales del Centro Hist\u00f3rico como el Callej\u00f3n de Los Sapos y El Barrio del Artista, as\u00ed como edificaciones importantes, entre las que resaltan el Instituto de Religiosas Jer\u00f3nimas, un costado de La Catedral y la famosa Churrer\u00eda.<\/p>\n\n\n\n<p>Te recomendamos: \u00bfC\u00f3mo saber cu\u00e1nto debo de tenencia vehicular en Puebla?<br>Por medio de un comunicado, la empresa resalt\u00f3 que este veh\u00edculo se ofrecer\u00e1 por un tiempo limitado, hasta mediados de 2023. Cabe se\u00f1alar que el nuevo modelo contar\u00e1 con un motor m\u00e1s potente que la versi\u00f3n original, misma que debut\u00f3 en 2002 bajo el nombre de Golf R32.<\/p>\n\n\n\n<p>\u201cEl Golf R32 fue un \u00e9xito instant\u00e1neo y se vendi\u00f3 el triple de lo previsto. Desde entonces tiene una comunidad de fans de todo el mundo con los modelos m\u00e1s deportivos de la marca\u201d, se lee en el escrito.<\/p>\n\n\n\n<p>ALCALDE DE PUEBLA AGRADECI\u00d3 A VW<br>Por medio de sus redes sociales, el presidente municipal de Puebla, Eduardo Rivera P\u00e9rez, agradeci\u00f3 a las cuentas oficiales de Volkswagen y Volkswagen Puebla por tomar en cuenta a la ciudad y recordarla como una cuna de talento, como el que se observ\u00f3 detr\u00e1s del v\u00eddeo promocional de este modelo.<br>\u201cNuestra Puebla es cuna de gastronom\u00eda, cultura y tambi\u00e9n de manos y talento que dan vida al Golf R. Gracias @VW y @Volkswagen_MX por este recordatorio de lo que hay detr\u00e1s de este modelo\u201d, escribi\u00f3.<\/p>\n","protected":false},"excerpt":{"rendered":"<p>Las calles del Centro Hist\u00f3rico de Puebla fueron presumidas a trav\u00e9s del comercial que Volkswagen estren\u00f3 en las p\u00e1ginas oficiales de sus redes sociales, sobre la presentaci\u00f3n del nuevo Golf R 2023 \u00bfya lo viste? Aqu\u00ed te lo presentamos. Fue el pasado 7 de abril cuando las calles de la 5 oriente, entre 16 de [&hellip;]<\/p>\n","protected":false},"author":4,"featured_media":7923,"comment_status":"open","ping_status":"open","sticky":false,"template":"","format":"standard","meta":{"om_disable_all_campaigns":false,"_monsterinsights_skip_tracking":false,"_monsterinsights_sitenote_active":false,"_monsterinsights_sitenote_note":"","_monsterinsights_sitenote_category":0,"footnotes":""},"categories":[175],"tags":[195,223],"class_list":["post-7922","post","type-post","status-publish","format-standard","has-post-thumbnail","hentry","category-local","tag-principal","tag-puebla"],"amp_enabled":true,"_links":{"self":[{"href":"https:\/\/lahora.mx\/index.php\/wp-json\/wp\/v2\/posts\/7922","targetHints":{"allow":["GET"]}}],"collection":[{"href":"https:\/\/lahora.mx\/index.php\/wp-json\/wp\/v2\/posts"}],"about":[{"href":"https:\/\/lahora.mx\/index.php\/wp-json\/wp\/v2\/types\/post"}],"author":[{"embeddable":true,"href":"https:\/\/lahora.mx\/index.php\/wp-json\/wp\/v2\/users\/4"}],"replies":[{"embeddable":true,"href":"https:\/\/lahora.mx\/index.php\/wp-json\/wp\/v2\/comments?post=7922"}],"version-history":[{"count":1,"href":"https:\/\/lahora.mx\/index.php\/wp-json\/wp\/v2\/posts\/7922\/revisions"}],"predecessor-version":[{"id":7924,"href":"https:\/\/lahora.mx\/index.php\/wp-json\/wp\/v2\/posts\/7922\/revisions\/7924"}],"wp:featuredmedia":[{"embeddable":true,"href":"https:\/\/lahora.mx\/index.php\/wp-json\/wp\/v2\/media\/7923"}],"wp:attachment":[{"href":"https:\/\/lahora.mx\/index.php\/wp-json\/wp\/v2\/media?parent=7922"}],"wp:term":[{"taxonomy":"category","embeddable":true,"href":"https:\/\/lahora.mx\/index.php\/wp-json\/wp\/v2\/categories?post=7922"},{"taxonomy":"post_tag","embeddable":true,"href":"https:\/\/lahora.mx\/index.php\/wp-json\/wp\/v2\/tags?post=7922"}],"curies":[{"name":"wp","href":"https:\/\/api.w.org\/{rel}","templated":true}]}}