{"id":7919,"date":"2022-06-08T15:09:17","date_gmt":"2022-06-08T15:09:17","guid":{"rendered":"http:\/\/lahora.mx\/?p=7919"},"modified":"2022-06-08T15:09:19","modified_gmt":"2022-06-08T15:09:19","slug":"reta-lopez-obrador-al-senador-de-eu-marco-rubio-probar-nexos-con-el-narco","status":"publish","type":"post","link":"https:\/\/lahora.mx\/index.php\/2022\/06\/08\/reta-lopez-obrador-al-senador-de-eu-marco-rubio-probar-nexos-con-el-narco\/","title":{"rendered":"Reta L\u00f3pez Obrador al senador de EU, Marco Rubio, probar \u2018nexos\u2019 con el narco"},"content":{"rendered":"\n<p>Luego de que el senador republicano Marco Rubio lo acusara de tener v\u00ednculos con el narcotr\u00e1fico, el presidente Andr\u00e9s Manuel L\u00f3pez Obrador lo urgi\u00f3 a presentar las pruebas de ello.<\/p>\n\n\n\n<p>Desde Palacio Nacional, el mandatario respondi\u00f3 a los se\u00f1alamientos del senador estadunidense quien no s\u00f3lo celebr\u00f3 que \u00e9ste no acudiera a la Cumbre de las Am\u00e9ricas en Estados Unidos, sino que por s\u00f3lo pedir se invitara a todas las naciones a dicho encuentro, lo acus\u00f3 de apoyar a dictadores y narcotraficantes.<\/p>\n\n\n\n<p>(\u2026), Marco Rubio le a\u00f1adi\u00f3 que no s\u00f3lo protejo dictaduras, sino que permit\u00ed al narcotr\u00e1fico que dominara en un amplio territorio de M\u00e9xico. Yo le digo al se\u00f1or Marco Rubio que presente pruebas.<\/p>\n\n\n\n<p>\u201c\u00a1Cu\u00e1l es mi vinculaci\u00f3n con el narco en M\u00e9xico? Yo no soy Felipe Calder\u00f3n, aunque no les guste, no s\u00f3lo a sus m\u00e1s cercanos sino a muchos que votaron por \u00e9l, hay que saber rectificar, no caer en la autocomplacencia, es de sabios cambiar de opini\u00f3n y la verdad nos har\u00e1 libres\u201d, revir\u00f3 el mandatario mexicano.<\/p>\n\n\n\n<p>De acuerdo con Rubio, de origen cubano, presuntamente L\u00f3pez Obrador entreg\u00f3 diversas secciones del pa\u00eds a c\u00e1rteles de la droga.<\/p>\n\n\n\n<p>Adem\u00e1s, se\u00f1al\u00f3 al titular del Ejecutivo federal de ser \u201cun apologista de la tiran\u00eda en Cuba, de un dictador asesino en Nicaragua y de un narcotraficante en Venezuela\u201d.<\/p>\n\n\n\n<p>L\u00f3pez Obrador adem\u00e1s cuestion\u00f3 al tambi\u00e9n senador republicano, Ted Cruz \u2014quien lo ha criticado en diversas ocasiones por la violencia en M\u00e9xico\u2014 por su oposici\u00f3n a invitar a Cuba a la Cumbre de las Am\u00e9ricas por violaciones a Derechos Humanos, pero en la pr\u00e1ctica apoy\u00f3 el que Estados Unidos entregara 40 mil millones de d\u00f3lares a Ucrania, de los cuales la mitad fueron destinados para asistencia militar.<\/p>\n\n\n\n<p>El mandatario critic\u00f3 el doble discurso del republicano, ya que lo acus\u00f3 de haber recibido dinero y apoyo de la Asociaci\u00f3n Nacional del Rifle (NRA, por sus siglas en ingl\u00e9s).<\/p>\n\n\n\n<p>Yo s\u00ed tengo pruebas de que a \u00e9l le han dado dinero los que est\u00e1n a favor de la fabricaci\u00f3n de armas en EU y de que no haya ninguna prohibici\u00f3n para la venta de armas: el a\u00f1o pasado, creo que le dieron como 120 mil d\u00f3lares la organizaci\u00f3n NRA\u201d, mencion\u00f3.<\/p>\n\n\n\n<p>El pasado 30 de mayo, Exc\u00e9lsior inform\u00f3 que de acuerdo con la organizaci\u00f3n Secretos Abiertos ha informado que entre 1989 y 2022, las organizaciones en pro de los derechos a la portaci\u00f3n de armas han destinado m\u00e1s de 50.5 millones de d\u00f3lares a candidatos federales, partidos y diversos grupos externos.<\/p>\n\n\n\n<p>La organizaci\u00f3n revel\u00f3 una lista de 20 integrantes del Congreso estadunidense, que abarcan de 1989 al 2022, y quienes han recibido grandes sumas de dinero para la defensa de los derechos para portar armas, entre los que figuran los republicanos Ted Cruz, Ron Johnson, Mitch McConnell, Steve Scalise, Lindsey Graham, entre otros.<\/p>\n\n\n\n<p>L\u00f3pez Obrador adem\u00e1s cuestion\u00f3 al senador dem\u00f3crata Robert Bob Men\u00e9ndez, de origen cubano, de oponerse a invitar a Cuba a la Cumbre de las Am\u00e9ricas y de ejercer presi\u00f3n en contra del presidente de Estados Unidos, Joe BIden.<\/p>\n","protected":false},"excerpt":{"rendered":"<p>Luego de que el senador republicano Marco Rubio lo acusara de tener v\u00ednculos con el narcotr\u00e1fico, el presidente Andr\u00e9s Manuel L\u00f3pez Obrador lo urgi\u00f3 a presentar las pruebas de ello. Desde Palacio Nacional, el mandatario respondi\u00f3 a los se\u00f1alamientos del senador estadunidense quien no s\u00f3lo celebr\u00f3 que \u00e9ste no acudiera a la Cumbre de las [&hellip;]<\/p>\n","protected":false},"author":4,"featured_media":7920,"comment_status":"open","ping_status":"open","sticky":false,"template":"","format":"standard","meta":{"om_disable_all_campaigns":false,"_monsterinsights_skip_tracking":false,"_monsterinsights_sitenote_active":false,"_monsterinsights_sitenote_note":"","_monsterinsights_sitenote_category":0,"footnotes":""},"categories":[176],"tags":[],"class_list":["post-7919","post","type-post","status-publish","format-standard","has-post-thumbnail","hentry","category-nacional"],"amp_enabled":true,"_links":{"self":[{"href":"https:\/\/lahora.mx\/index.php\/wp-json\/wp\/v2\/posts\/7919","targetHints":{"allow":["GET"]}}],"collection":[{"href":"https:\/\/lahora.mx\/index.php\/wp-json\/wp\/v2\/posts"}],"about":[{"href":"https:\/\/lahora.mx\/index.php\/wp-json\/wp\/v2\/types\/post"}],"author":[{"embeddable":true,"href":"https:\/\/lahora.mx\/index.php\/wp-json\/wp\/v2\/users\/4"}],"replies":[{"embeddable":true,"href":"https:\/\/lahora.mx\/index.php\/wp-json\/wp\/v2\/comments?post=7919"}],"version-history":[{"count":1,"href":"https:\/\/lahora.mx\/index.php\/wp-json\/wp\/v2\/posts\/7919\/revisions"}],"predecessor-version":[{"id":7921,"href":"https:\/\/lahora.mx\/index.php\/wp-json\/wp\/v2\/posts\/7919\/revisions\/7921"}],"wp:featuredmedia":[{"embeddable":true,"href":"https:\/\/lahora.mx\/index.php\/wp-json\/wp\/v2\/media\/7920"}],"wp:attachment":[{"href":"https:\/\/lahora.mx\/index.php\/wp-json\/wp\/v2\/media?parent=7919"}],"wp:term":[{"taxonomy":"category","embeddable":true,"href":"https:\/\/lahora.mx\/index.php\/wp-json\/wp\/v2\/categories?post=7919"},{"taxonomy":"post_tag","embeddable":true,"href":"https:\/\/lahora.mx\/index.php\/wp-json\/wp\/v2\/tags?post=7919"}],"curies":[{"name":"wp","href":"https:\/\/api.w.org\/{rel}","templated":true}]}}