{"id":79178,"date":"2026-03-19T00:27:46","date_gmt":"2026-03-19T00:27:46","guid":{"rendered":"https:\/\/lahora.mx\/?p=79178"},"modified":"2026-03-19T00:28:36","modified_gmt":"2026-03-19T00:28:36","slug":"puebla-es-el-latido-de-mexico-celebrq-el-deporte-como-motor-de-desarrollo-y-transformacion","status":"publish","type":"post","link":"https:\/\/lahora.mx\/index.php\/2026\/03\/19\/puebla-es-el-latido-de-mexico-celebrq-el-deporte-como-motor-de-desarrollo-y-transformacion\/","title":{"rendered":"Puebla es el Latido de M\u00e9xico, Celebra el Deporte como Motor de Desarrollo y Transformaci\u00f3n"},"content":{"rendered":"\n<p>-\u201cCuidar al medio ambiente, es cuidar el planeta\u201d, gobernador Alejandro Armenta Mier.<\/p>\n\n\n\n<p>CIUDAD DE PUEBLA, Pue. \u2013 El f\u00fatbol es un lenguaje para el reencuentro, reconocer que somos parte de algo m\u00e1s grande. Con esa visi\u00f3n, Puebla se convirti\u00f3 en el epicentro de la emoci\u00f3n mundialista, al recibir el trofeo internacional m\u00e1s emblem\u00e1tico del f\u00fatbol. El 18 y 19 de marzo esta pieza estar\u00e1 en Puebla.<\/p>\n\n\n\n<p>Al dar la bienvenida, el gobernador Alejandro Armenta Mier destac\u00f3 que el estado es el \u00abLatido de M\u00e9xico\u00bb. \u201cEstamos en el coraz\u00f3n y con ese coraz\u00f3n recibimos la copa\u201d.<\/p>\n\n\n\n<p>Subray\u00f3 que, en su gobierno, el deporte se ha convertido en una verdadera pol\u00edtica de Estado. El gobernador de Puebla estuvo acompa\u00f1ado por la presidenta del Patronato del Sistema Estatal DIF, Ceci Arellano.<\/p>\n\n\n\n<p>\u201cCuidar el medio ambiente es cuidar el planeta, y el f\u00fatbol nos une en esta causa\u201d, afirm\u00f3 Armenta Mier, al destacar que trabajar\u00e1n de manera conjunta con Grupo Femsa en iniciativas enfocadas a la protecci\u00f3n ambiental, as\u00ed como en eventos navide\u00f1os.<\/p>\n\n\n\n<p>Esta pieza visitar\u00e1 diez ciudades del pa\u00eds entre el 27 de febrero y el 22 de marzo. Las y los aficionados podr\u00e1n recorrer espacios inmersivos, conocer momentos hist\u00f3ricos del f\u00fatbol y tomarse una fotograf\u00eda con el trofeo original.<\/p>\n\n\n\n<p>El presidente municipal, Jos\u00e9 Chedraui, sostuvo que Puebla capital est\u00e1 lista para vivir la emoci\u00f3n del f\u00fatbol y recibir a turistas. Afirm\u00f3 que, hoy m\u00e1s que nunca, el deporte es impulsado tanto por el gobierno federal, como por el estatal y es una herramienta para construir la paz, as\u00ed como para detonar el desarrollo comunitario.<\/p>\n\n\n\n<p>El vicepresidente de Asuntos P\u00fablicos, Comunicaciones y Sustentabilidad de Grupo Femsa, Patricio Caso, indic\u00f3 que no existe mejor lugar para que el trofeo est\u00e9 en los corazones de M\u00e9xico, que Puebla. Invit\u00f3 a las y los aficionados que durante dos d\u00edas disfruten de la intensidad del evento a trav\u00e9s de espacios inmersivos.<\/p>\n\n\n\n<p>El director de Asuntos P\u00fablicos de Femsa, Aldo Castrej\u00f3n, se\u00f1al\u00f3 que este evento tiene como objetivo acercar el f\u00fatbol a las familias. Subray\u00f3 que recientemente, en colaboraci\u00f3n con el Sistema Estatal DIF, se entregaron 54 equipos de c\u00f3mputo.<\/p>\n\n\n\n<p>Cabe mencionar que durante el evento estuvo presente el ex futbolista y campe\u00f3n mundial en 2010 con la Selecci\u00f3n de Espa\u00f1a, Fernando Llorente, quien record\u00f3 que el campeonato logrado en Sud\u00e1frica uni\u00f3 a su pa\u00eds. El jugador internacional llam\u00f3 a la ni\u00f1ez poblana a siempre luchar por sus sue\u00f1os.<\/p>\n\n\n\n<p><\/p>\n","protected":false},"excerpt":{"rendered":"<p>-\u201cCuidar al medio ambiente, es cuidar el planeta\u201d, gobernador Alejandro Armenta Mier. CIUDAD DE PUEBLA, Pue. \u2013 El f\u00fatbol es un lenguaje para el reencuentro, reconocer que somos parte de algo m\u00e1s grande. Con esa visi\u00f3n, Puebla se convirti\u00f3 en el epicentro de la emoci\u00f3n mundialista, al recibir el trofeo internacional m\u00e1s emblem\u00e1tico del f\u00fatbol. [&hellip;]<\/p>\n","protected":false},"author":1,"featured_media":79179,"comment_status":"open","ping_status":"open","sticky":false,"template":"","format":"standard","meta":{"om_disable_all_campaigns":false,"_monsterinsights_skip_tracking":false,"_monsterinsights_sitenote_active":false,"_monsterinsights_sitenote_note":"","_monsterinsights_sitenote_category":0,"footnotes":""},"categories":[175,6],"tags":[239,195,223,142],"class_list":["post-79178","post","type-post","status-publish","format-standard","has-post-thumbnail","hentry","category-local","category-sports","tag-gobierno","tag-principal","tag-puebla","tag-sports"],"amp_enabled":true,"_links":{"self":[{"href":"https:\/\/lahora.mx\/index.php\/wp-json\/wp\/v2\/posts\/79178","targetHints":{"allow":["GET"]}}],"collection":[{"href":"https:\/\/lahora.mx\/index.php\/wp-json\/wp\/v2\/posts"}],"about":[{"href":"https:\/\/lahora.mx\/index.php\/wp-json\/wp\/v2\/types\/post"}],"author":[{"embeddable":true,"href":"https:\/\/lahora.mx\/index.php\/wp-json\/wp\/v2\/users\/1"}],"replies":[{"embeddable":true,"href":"https:\/\/lahora.mx\/index.php\/wp-json\/wp\/v2\/comments?post=79178"}],"version-history":[{"count":2,"href":"https:\/\/lahora.mx\/index.php\/wp-json\/wp\/v2\/posts\/79178\/revisions"}],"predecessor-version":[{"id":79181,"href":"https:\/\/lahora.mx\/index.php\/wp-json\/wp\/v2\/posts\/79178\/revisions\/79181"}],"wp:featuredmedia":[{"embeddable":true,"href":"https:\/\/lahora.mx\/index.php\/wp-json\/wp\/v2\/media\/79179"}],"wp:attachment":[{"href":"https:\/\/lahora.mx\/index.php\/wp-json\/wp\/v2\/media?parent=79178"}],"wp:term":[{"taxonomy":"category","embeddable":true,"href":"https:\/\/lahora.mx\/index.php\/wp-json\/wp\/v2\/categories?post=79178"},{"taxonomy":"post_tag","embeddable":true,"href":"https:\/\/lahora.mx\/index.php\/wp-json\/wp\/v2\/tags?post=79178"}],"curies":[{"name":"wp","href":"https:\/\/api.w.org\/{rel}","templated":true}]}}