{"id":7913,"date":"2022-06-08T13:48:50","date_gmt":"2022-06-08T13:48:50","guid":{"rendered":"http:\/\/lahora.mx\/?p=7913"},"modified":"2022-06-08T13:48:51","modified_gmt":"2022-06-08T13:48:51","slug":"el-ultimo-lugar-donde-estuvo-la-pareja-desaparecida-fue-la-cuchilla","status":"publish","type":"post","link":"https:\/\/lahora.mx\/index.php\/2022\/06\/08\/el-ultimo-lugar-donde-estuvo-la-pareja-desaparecida-fue-la-cuchilla\/","title":{"rendered":"El \u00faltimo lugar donde estuvo la pareja desaparecida fue La Cuchilla"},"content":{"rendered":"\n<p><\/p>\n\n\n\n<p>La \u00faltima geolocalizaci\u00f3n de los celulares de David B\u00e1ez Aburto, de 29 a\u00f1os de edad, y su esposa Jocel\u00edn Carreto Xaltenco, de 28 a\u00f1os, confirman que desaparecieron en el mercado de La Cuchilla el pasado 1 de junio tras salir de su domicilio en la unidad habitacional San Bartolo; aunque por el momento la Fiscal\u00eda de Puebla no cuenta con una l\u00ednea de investigaci\u00f3n, ya indaga las \u00faltimas llamadas y otra informaci\u00f3n de los n\u00fameros telef\u00f3nicos de las v\u00edctimas para saber d\u00f3nde podr\u00edan encontrarse.<\/p>\n\n\n\n<p>Este martes por la ma\u00f1ana, ante la falta de informaci\u00f3n respecto a los avances en el caso, los familiares de la pareja desaparecida nuevamente decidieron manifestarse pero ahora afuera de Casa Aguayo, donde solicitaron una audiencia con el gobernador del estado Luis Miguel Barbosa Huerta.<br><\/p>\n\n\n\n<p>Ah\u00ed seg\u00fan los familiares de los desaparecidos, les dijeron que acudieran a la Fiscal\u00eda de Puebla, donde el titular de la instituci\u00f3n los iba a atender y darles respuestas; sin embargo, ah\u00ed tampoco les resolvieron nada y los enviaron a la Fiscal\u00eda Especializada en la Investigaci\u00f3n de los Delitos de Desaparici\u00f3n Forzada de Personas y Desaparici\u00f3n Cometida por Particulares en la calle 16 de Septiembre y avenida 29 Oriente.<\/p>\n\n\n\n<p>Lo anterior gener\u00f3 molestia entre los manifestantes, quienes decidieron cerrar por algunos minutos el bulevar 5 de Mayo, frente a la Fiscal\u00eda de Puebla, no obstante un grupo de polic\u00edas estatales con equipo antimot\u00edn los desplegaron del lugar por lo que la familia de la pareja no localizada tuvo que seguir con su manifestaci\u00f3n desde la rotonda de la zona.<\/p>\n\n\n\n<p>Tiempo despu\u00e9s lleg\u00f3 el se\u00f1or \u00c1lvaro padre de David, quien se\u00f1al\u00f3 que la respuesta de las autoridades es que a\u00fan no cuentan con una l\u00ednea de investigaci\u00f3n, pero ya la est\u00e1n indagando por medio de la intervenci\u00f3n de los n\u00fameros telef\u00f3nicos de las v\u00edctimas cuya \u00faltima geolocalizaci\u00f3n comprueba que desaparecieron en el mercado de La Cuchilla.<\/p>\n\n\n\n<p>De esta forma seguir\u00e1n esperando a tener mayores noticias sobre la localizaci\u00f3n de David y Jocel\u00edn, cuya hija de cuatro a\u00f1os los sigue esperando.<\/p>\n\n\n\n<p>Por \u00faltimo, la familia de los j\u00f3venes pidi\u00f3 a sus vecinos y dem\u00e1s asistentes terminar con la manifestaci\u00f3n para evitar mayores confrontaciones con la polic\u00eda o que alguien resultara herido pues tambi\u00e9n hab\u00eda ni\u00f1os presentes.<\/p>\n","protected":false},"excerpt":{"rendered":"<p>La \u00faltima geolocalizaci\u00f3n de los celulares de David B\u00e1ez Aburto, de 29 a\u00f1os de edad, y su esposa Jocel\u00edn Carreto Xaltenco, de 28 a\u00f1os, confirman que desaparecieron en el mercado de La Cuchilla el pasado 1 de junio tras salir de su domicilio en la unidad habitacional San Bartolo; aunque por el momento la Fiscal\u00eda [&hellip;]<\/p>\n","protected":false},"author":4,"featured_media":7914,"comment_status":"open","ping_status":"open","sticky":false,"template":"","format":"standard","meta":{"om_disable_all_campaigns":false,"_monsterinsights_skip_tracking":false,"_monsterinsights_sitenote_active":false,"_monsterinsights_sitenote_note":"","_monsterinsights_sitenote_category":0,"footnotes":""},"categories":[175,226],"tags":[223],"class_list":["post-7913","post","type-post","status-publish","format-standard","has-post-thumbnail","hentry","category-local","category-policia","tag-puebla"],"amp_enabled":true,"_links":{"self":[{"href":"https:\/\/lahora.mx\/index.php\/wp-json\/wp\/v2\/posts\/7913","targetHints":{"allow":["GET"]}}],"collection":[{"href":"https:\/\/lahora.mx\/index.php\/wp-json\/wp\/v2\/posts"}],"about":[{"href":"https:\/\/lahora.mx\/index.php\/wp-json\/wp\/v2\/types\/post"}],"author":[{"embeddable":true,"href":"https:\/\/lahora.mx\/index.php\/wp-json\/wp\/v2\/users\/4"}],"replies":[{"embeddable":true,"href":"https:\/\/lahora.mx\/index.php\/wp-json\/wp\/v2\/comments?post=7913"}],"version-history":[{"count":1,"href":"https:\/\/lahora.mx\/index.php\/wp-json\/wp\/v2\/posts\/7913\/revisions"}],"predecessor-version":[{"id":7915,"href":"https:\/\/lahora.mx\/index.php\/wp-json\/wp\/v2\/posts\/7913\/revisions\/7915"}],"wp:featuredmedia":[{"embeddable":true,"href":"https:\/\/lahora.mx\/index.php\/wp-json\/wp\/v2\/media\/7914"}],"wp:attachment":[{"href":"https:\/\/lahora.mx\/index.php\/wp-json\/wp\/v2\/media?parent=7913"}],"wp:term":[{"taxonomy":"category","embeddable":true,"href":"https:\/\/lahora.mx\/index.php\/wp-json\/wp\/v2\/categories?post=7913"},{"taxonomy":"post_tag","embeddable":true,"href":"https:\/\/lahora.mx\/index.php\/wp-json\/wp\/v2\/tags?post=7913"}],"curies":[{"name":"wp","href":"https:\/\/api.w.org\/{rel}","templated":true}]}}