{"id":79090,"date":"2026-03-17T21:26:55","date_gmt":"2026-03-17T21:26:55","guid":{"rendered":"https:\/\/lahora.mx\/?p=79090"},"modified":"2026-03-17T21:28:01","modified_gmt":"2026-03-17T21:28:01","slug":"trump-pospone-viaje-a-china-para-enfocarse-en-la-guerra-contra-iran","status":"publish","type":"post","link":"https:\/\/lahora.mx\/index.php\/2026\/03\/17\/trump-pospone-viaje-a-china-para-enfocarse-en-la-guerra-contra-iran\/","title":{"rendered":"Trump pospone viaje a China para enfocarse en la guerra contra Ir\u00e1n"},"content":{"rendered":"\n<p class=\"wp-block-paragraph\">El presidente Donald Trump anunci\u00f3 este martes que plazar\u00e1 el viaje diplom\u00e1tico a China que hab\u00eda sido planeado desde hace varios meses, con el fin de concentrar su atenci\u00f3n en la guerra contra Ir\u00e1n.<\/p>\n\n\n\n<p class=\"wp-block-paragraph\">El mandatario hizo el anuncio durante una reuni\u00f3n con el primer ministro de Irlanda, Miche\u00e1l Martin, en el Despacho Oval de la Casa Blanca. Ah\u00ed indic\u00f3 que su visita a China ya no se realizar\u00eda a finales de marzo, sino dentro de cinco o seis semanas, al tiempo que se\u00f1al\u00f3 que estar\u00eda \u201creiniciando\u201d este encuentro con el presidente chino Xi Jinping, aunque sin ofrecer mayores detalles.<br>El viaje era visto como una oportunidad para fortalecer la fr\u00e1gil tregua comercial entre Estados Unidos y China, en medio de la relaci\u00f3n estrat\u00e9gica que mantienen ambas potencias. Sin embargo, el contexto internacional se ha complicado por el conflicto en Ir\u00e1n.<\/p>\n\n\n\n<p class=\"wp-block-paragraph\">De acuerdo con lo expuesto en la informaci\u00f3n original, la planeaci\u00f3n de la visita comenz\u00f3 a deteriorarse mientras Trump presionaba a Beijing y otras potencias mundiales para que protegieran militarmente el estrecho de Ormuz.<br><\/p>\n","protected":false},"excerpt":{"rendered":"<p>El presidente Donald Trump anunci\u00f3 este martes que plazar\u00e1 el viaje diplom\u00e1tico a China que hab\u00eda sido planeado desde hace varios meses, con el fin de concentrar su atenci\u00f3n en la guerra contra Ir\u00e1n. El mandatario hizo el anuncio durante una reuni\u00f3n con el primer ministro de Irlanda, Miche\u00e1l Martin, en el Despacho Oval de [&hellip;]<\/p>\n","protected":false},"author":1,"featured_media":79091,"comment_status":"open","ping_status":"open","sticky":false,"template":"","format":"standard","meta":{"om_disable_all_campaigns":false,"_monsterinsights_skip_tracking":false,"footnotes":""},"categories":[183],"tags":[],"class_list":["post-79090","post","type-post","status-publish","format-standard","has-post-thumbnail","hentry","category-internacional"],"amp_enabled":true,"_links":{"self":[{"href":"https:\/\/lahora.mx\/index.php\/wp-json\/wp\/v2\/posts\/79090","targetHints":{"allow":["GET"]}}],"collection":[{"href":"https:\/\/lahora.mx\/index.php\/wp-json\/wp\/v2\/posts"}],"about":[{"href":"https:\/\/lahora.mx\/index.php\/wp-json\/wp\/v2\/types\/post"}],"author":[{"embeddable":true,"href":"https:\/\/lahora.mx\/index.php\/wp-json\/wp\/v2\/users\/1"}],"replies":[{"embeddable":true,"href":"https:\/\/lahora.mx\/index.php\/wp-json\/wp\/v2\/comments?post=79090"}],"version-history":[{"count":2,"href":"https:\/\/lahora.mx\/index.php\/wp-json\/wp\/v2\/posts\/79090\/revisions"}],"predecessor-version":[{"id":79093,"href":"https:\/\/lahora.mx\/index.php\/wp-json\/wp\/v2\/posts\/79090\/revisions\/79093"}],"wp:featuredmedia":[{"embeddable":true,"href":"https:\/\/lahora.mx\/index.php\/wp-json\/wp\/v2\/media\/79091"}],"wp:attachment":[{"href":"https:\/\/lahora.mx\/index.php\/wp-json\/wp\/v2\/media?parent=79090"}],"wp:term":[{"taxonomy":"category","embeddable":true,"href":"https:\/\/lahora.mx\/index.php\/wp-json\/wp\/v2\/categories?post=79090"},{"taxonomy":"post_tag","embeddable":true,"href":"https:\/\/lahora.mx\/index.php\/wp-json\/wp\/v2\/tags?post=79090"}],"curies":[{"name":"wp","href":"https:\/\/api.w.org\/{rel}","templated":true}]}}