{"id":79035,"date":"2026-03-16T22:58:40","date_gmt":"2026-03-16T22:58:40","guid":{"rendered":"https:\/\/lahora.mx\/?p=79035"},"modified":"2026-03-16T22:58:41","modified_gmt":"2026-03-16T22:58:41","slug":"entrega-alejandro-armenta-mas-de-11-mdp-a-fondo-perdido-para-unidades-nuevas-de-transporte-publico","status":"publish","type":"post","link":"https:\/\/lahora.mx\/index.php\/2026\/03\/16\/entrega-alejandro-armenta-mas-de-11-mdp-a-fondo-perdido-para-unidades-nuevas-de-transporte-publico\/","title":{"rendered":"Entrega Alejandro Armenta m\u00e1s de 11 MDP a Fondo Perdido para Unidades Nuevas de Transporte P\u00fablico"},"content":{"rendered":"\n<p>-Estos apoyos corresponden a una primera bolsa de 50 mdp destinados para ese fin.<\/p>\n\n\n\n<p>&#8211; \u2060Promueve Gobierno del Estado movilidad segura para la poblaci\u00f3n.<\/p>\n\n\n\n<p>CIUDAD DE PUEBLA, Pue.- Con el objetivo de fortalecer la modernizaci\u00f3n del transporte p\u00fablico, con un monto de 11.8 millones de pesos el Gobierno del Estado de Puebla llev\u00f3 a cabo la primera entrega de 39 apoyos econ\u00f3micos a fondo perdido, equivalentes al 20 por ciento del costo de la unidad, para su renovaci\u00f3n.<\/p>\n\n\n\n<p>Este beneficio est\u00e1 dirigido a mil 745 concesionarios y permisionarios que cumplieron en tiempo y forma con la Revista Vehicular, de ah\u00ed que el gobernador Alejandro Armenta Mier subray\u00f3 que su administraci\u00f3n cuenta con un paquete de 50 millones de pesos para atender los puntos donde hay mayor carencia de transporte, tanto en el interior del estado como en Puebla capital. <\/p>\n\n\n\n<p>Enfatiz\u00f3 que los 200 millones de pesos destinados para la modernizaci\u00f3n del transporte p\u00fablico est\u00e1 dirigido a quienes tienen hasta tres unidades y que cumplieron con la revista, pues no debe concentrarse la riqueza en un solo concesionario.<\/p>\n\n\n\n<p>El gobernador record\u00f3 que durante d\u00e9cadas no hubo atenci\u00f3n integral, debido a la corrupci\u00f3n y abuso del poder que exist\u00eda en el sector, ya que  mientras en su administraci\u00f3n los tr\u00e1mites son gratuitos, durante d\u00e9cadas, la inversi\u00f3n que deb\u00edan hacer los transportistas representaba un monto superior a 34 mil pesos por unidad.<\/p>\n\n\n\n<p>El ejecutivo estatal exhort\u00f3 a las y los permisionarios y concesionarios a denuciar cualquier irregularidad que enfrenten en su proceso de revista vehicular, con el objetivo de que sea investigada y en su caso sancionada. <\/p>\n\n\n\n<p>Como parte del Programa Integral de Modernizaci\u00f3n y Reordenamiento del Transporte P\u00fablico, la secretaria de Movilidad y Transporte, Silvia Tan\u00fas Osorio, detall\u00f3 que la inversi\u00f3n de 11 millones 810 mil 64 pesos destinada a la actualizaci\u00f3n de unidades, beneficiar\u00e1 a transportistas de los municipios de Puebla, Santo Tom\u00e1s Hueyotlipan, Teteles de \u00c1vila Castillo, Tecamachalco, Coxcatl\u00e1n, Tehuac\u00e1n, Tecali de Herrera, Huehuetl\u00e1n El Grande, Huauchinango, Acatzingo, Quecholac, Huejotzingo, Teziutl\u00e1n y Epatl\u00e1n.<\/p>\n\n\n\n<p>La inversi\u00f3n forma parte de la bolsa de 200 millones de pesos aprobada como apoyo a las y los transportistas poblanos, para impulsar la modernizaci\u00f3n del parque vehicular en todo el estado. <\/p>\n\n\n\n<p>\u201cEsta decisi\u00f3n refleja el compromiso del gobernador con el fortalecimiento del transporte p\u00fablico y con brindar herramientas reales para que el sector pueda mejorar sus condiciones de trabajo y ofrecer un mejor servicio\u201d, se\u00f1al\u00f3 Silvia Tan\u00fas.<\/p>\n\n\n\n<p>El principal obst\u00e1culo al que se enfrentan los transportistas para renovar sus unidades es cubrir el enganche requerido para adquirir un nuevo veh\u00edculo, el cual generalmente corresponde al 20 por ciento del valor total. <\/p>\n\n\n\n<p>Esto se hace realidad al otorgarles este beneficio a fondo perdido, con montos que van desde los 59 mil 998 pesos hasta 554 mil pesos, seg\u00fan el tipo de veh\u00edculo.<\/p>\n\n\n\n<p>El subsecretario de Transporte y V\u00edas de Comunicaci\u00f3n, Juan Manuel Vega Rayet, indic\u00f3 que por m\u00e1s de 14 a\u00f1os el transporte estuvo olvidado, y con el impulso del gobernador Alejandro Armenta Mier, se trabaja con alternativas que favorezcan a las y los concesionarios, como los est\u00edmulos fiscales, con la finalidad de contar con unidades dignas y que otorguen seguridad y bienestar.<\/p>\n\n\n\n<p>La concesionaria Mar\u00eda Bustamante Castro, afirm\u00f3 que el sector transportista no ten\u00eda pol\u00edticas p\u00fablicas efectivas; sin embargo, reconoci\u00f3 que la actual administraci\u00f3n apost\u00f3 por la modernizaci\u00f3n como una visi\u00f3n de movilidad digna. <\/p>\n\n\n\n<p>Se\u00f1al\u00f3 que durante a\u00f1os fue complicado acceder a cr\u00e9ditos y las condiciones estaban fuera del alcance de muchos concesionarios. <\/p>\n\n\n\n<p>\u00abEl gobierno ha decidido caminar junto a los transportistas, al escuchar nuestras necesidades. Nos comprometemos a corresponder con trabajo, servicio de calidad y respeto a los usuarios\u00bb, puntualiz\u00f3.<\/p>\n\n\n\n<p>Epifania Reyes, concesionaria de la Ruta M17, se\u00f1al\u00f3 que tras m\u00e1s de 20 a\u00f1os en el sector transportista reconoce que el apoyo del Gobierno del Estado representa un beneficio directo para los usuarios, ya que las nuevas unidades ofrecen mayor seguridad y un mejor funcionamiento mec\u00e1nico. <\/p>\n\n\n\n<p>Asimismo, se\u00f1al\u00f3 que ha exhortado a sus choferes a cuidar las unidades y brindar un trato respetuoso a las personas usuarias.<\/p>\n\n\n\n<p>Durante la entrega de apoyos, el gobernador Alejandro Armenta Mier conoci\u00f3 las nuevas unidades destinadas al transporte p\u00fablico y al servicio de taxi, veh\u00edculos que incorporan mejores condiciones de seguridad y operaci\u00f3n.<\/p>\n\n\n\n<p>Con estas acciones se fortalece el sistema de movilidad, al tiempo de brindar herramientas a las y los concesionarias y permisionarios para mejorar sus condiciones de trabajo y la prestaci\u00f3n del servicio.<\/p>\n","protected":false},"excerpt":{"rendered":"<p>-Estos apoyos corresponden a una primera bolsa de 50 mdp destinados para ese fin. &#8211; \u2060Promueve Gobierno del Estado movilidad segura para la poblaci\u00f3n. CIUDAD DE PUEBLA, Pue.- Con el objetivo de fortalecer la modernizaci\u00f3n del transporte p\u00fablico, con un monto de 11.8 millones de pesos el Gobierno del Estado de Puebla llev\u00f3 a cabo [&hellip;]<\/p>\n","protected":false},"author":1,"featured_media":79036,"comment_status":"open","ping_status":"open","sticky":false,"template":"","format":"standard","meta":{"om_disable_all_campaigns":false,"_monsterinsights_skip_tracking":false,"_monsterinsights_sitenote_active":false,"_monsterinsights_sitenote_note":"","_monsterinsights_sitenote_category":0,"footnotes":""},"categories":[175,2],"tags":[239,128,195,223],"class_list":["post-79035","post","type-post","status-publish","format-standard","has-post-thumbnail","hentry","category-local","category-negocios","tag-gobierno","tag-politics","tag-principal","tag-puebla"],"amp_enabled":true,"_links":{"self":[{"href":"https:\/\/lahora.mx\/index.php\/wp-json\/wp\/v2\/posts\/79035","targetHints":{"allow":["GET"]}}],"collection":[{"href":"https:\/\/lahora.mx\/index.php\/wp-json\/wp\/v2\/posts"}],"about":[{"href":"https:\/\/lahora.mx\/index.php\/wp-json\/wp\/v2\/types\/post"}],"author":[{"embeddable":true,"href":"https:\/\/lahora.mx\/index.php\/wp-json\/wp\/v2\/users\/1"}],"replies":[{"embeddable":true,"href":"https:\/\/lahora.mx\/index.php\/wp-json\/wp\/v2\/comments?post=79035"}],"version-history":[{"count":1,"href":"https:\/\/lahora.mx\/index.php\/wp-json\/wp\/v2\/posts\/79035\/revisions"}],"predecessor-version":[{"id":79037,"href":"https:\/\/lahora.mx\/index.php\/wp-json\/wp\/v2\/posts\/79035\/revisions\/79037"}],"wp:featuredmedia":[{"embeddable":true,"href":"https:\/\/lahora.mx\/index.php\/wp-json\/wp\/v2\/media\/79036"}],"wp:attachment":[{"href":"https:\/\/lahora.mx\/index.php\/wp-json\/wp\/v2\/media?parent=79035"}],"wp:term":[{"taxonomy":"category","embeddable":true,"href":"https:\/\/lahora.mx\/index.php\/wp-json\/wp\/v2\/categories?post=79035"},{"taxonomy":"post_tag","embeddable":true,"href":"https:\/\/lahora.mx\/index.php\/wp-json\/wp\/v2\/tags?post=79035"}],"curies":[{"name":"wp","href":"https:\/\/api.w.org\/{rel}","templated":true}]}}