{"id":79014,"date":"2026-03-16T18:29:25","date_gmt":"2026-03-16T18:29:25","guid":{"rendered":"https:\/\/lahora.mx\/?p=79014"},"modified":"2026-03-16T18:29:26","modified_gmt":"2026-03-16T18:29:26","slug":"pavimentacion-de-prolongacion-reforma-favorece-movilidad-de-267-mil-poblanos","status":"publish","type":"post","link":"https:\/\/lahora.mx\/index.php\/2026\/03\/16\/pavimentacion-de-prolongacion-reforma-favorece-movilidad-de-267-mil-poblanos\/","title":{"rendered":"Pavimentaci\u00f3n de Prolongaci\u00f3n Reforma favorece movilidad de 267 mil poblanos"},"content":{"rendered":"\n<p>Con un impacto directo en la movilidad de 267 mil habitantes, la pavimentaci\u00f3n de 7.49 kil\u00f3metros de la Avenida Prolongaci\u00f3n Reforma, avanza como una de las obras m\u00e1s importantes de la capital de Puebla, una intervenci\u00f3n equivalente a la rehabilitaci\u00f3n de 246 calles, que favorece la seguridad vial de una de las arterias m\u00e1s importantes de la capital.<\/p>\n\n\n\n<p>Durante un recorrido de supervisi\u00f3n de obra, el gobernador de Puebla, Alejandro Armenta Mier, se\u00f1al\u00f3 que durante d\u00e9cadas las vialidades de Puebla estuvieron abandonadas, por ello pidi\u00f3 comprensi\u00f3n de las y los poblanos, ya que se rehabilitan m\u00e1s de 5 mil calles, como nunca se hab\u00edan hecho en un solo a\u00f1o, y ello implica una incomodidad temporal que representa un beneficio para habitantes, peatones y automovilistas.<br>Explic\u00f3 que la relaminaci\u00f3n de la Avenida Prolongaci\u00f3n Reforma abarca desde la Diagonal Defensores de la Rep\u00fablica hasta la Calzada Zavaleta, por ello es necesaria la participaci\u00f3n de los agentes viales del municipio, con el objetivo de facilitar la movilidad de las y los poblanos.<\/p>\n\n\n\n<p>La administraci\u00f3n impulsa la pavimentaci\u00f3n de calidad equivalente a los de una carretera federal, dijo el gobernador Armenta Mier, al colocar carpeta asf\u00e1ltica de seis cent\u00edmetros que, tras el proceso de compactaci\u00f3n, alcanza cinco cent\u00edmetros. Record\u00f3 que cuatro trenes de pavimentaci\u00f3n ser\u00e1n permanentes en la ciudad m\u00e1s uno que adquirir\u00e1 el Ayuntamiento de Puebla. \u00abEstamos haciendo calles de calidad a una tercera parte como lo hacen ustedes en casa\u00bb, afirm\u00f3.<\/p>\n\n\n\n<p>El secretario de Infraestructura, Jos\u00e9 Manuel Contreras de los Santos, inform\u00f3 que se trata de una rehabilitaci\u00f3n integral de la avenida, la cual favorecer\u00e1 a los habitantes de la Junta Auxiliar Ignacio Romero Vargas, colonia Villa Ol\u00edmpica, San Juan Cuautlancingo, Aldama, Alberto de la fuente, Santiago Momoxpan, Zavaleta, Manantiales Jardines de Zavaleta, Reforma, Reforma Sur, La Paz, Santa Cruz los \u00c1ngeles, Cleotilde Torres y Valle del Rey.<\/p>\n\n\n\n<p>Bruna Rebollar Ojeda, quien trabaja en la relaminaci\u00f3n de la avenida, destac\u00f3 que estas labores facilitan el mejor tr\u00e1nsito de las y los poblanos. Por ello, hizo un llamado a las y los conductores a tener paciencia durante el desarrollo de la obra y a mantener el respeto hacia los compa\u00f1eros, ya que en ocasiones no reciben un trato adecuado. Asimismo, reconoci\u00f3 el trabajo del gobernador de Puebla en favor del bienestar de las familias poblanas.<\/p>\n\n\n\n<p>Por su parte, la se\u00f1ora Laura Castro se\u00f1al\u00f3 que durante muchos a\u00f1os la zona permaneci\u00f3 en el olvido, sin recibir una pavimentaci\u00f3n integral. Destac\u00f3 que esta obra representa un beneficio para todos los habitantes, al tratarse de una vialidad que funciona como uno de los accesos a la ciudad de Puebla.<\/p>\n\n\n\n<p>Estela Carre\u00f3n, vecina de la Avenida Prolongaci\u00f3n Reforma, destac\u00f3 que tuvieron que pasar cerca de 30 a\u00f1os para que la vialidad recibiera una rehabilitaci\u00f3n de esta calidad. Asimismo, agradeci\u00f3 al gobernador por impulsar obras que, dijo, son de gran impacto para las familias de la zona, especialmente durante la temporada de lluvias, cuando el mal estado del pavimento complicaba la movilidad.<\/p>\n","protected":false},"excerpt":{"rendered":"<p>Con un impacto directo en la movilidad de 267 mil habitantes, la pavimentaci\u00f3n de 7.49 kil\u00f3metros de la Avenida Prolongaci\u00f3n Reforma, avanza como una de las obras m\u00e1s importantes de la capital de Puebla, una intervenci\u00f3n equivalente a la rehabilitaci\u00f3n de 246 calles, que favorece la seguridad vial de una de las arterias m\u00e1s importantes [&hellip;]<\/p>\n","protected":false},"author":1,"featured_media":79015,"comment_status":"open","ping_status":"open","sticky":false,"template":"","format":"standard","meta":{"om_disable_all_campaigns":false,"_monsterinsights_skip_tracking":false,"_monsterinsights_sitenote_active":false,"_monsterinsights_sitenote_note":"","_monsterinsights_sitenote_category":0,"footnotes":""},"categories":[175],"tags":[],"class_list":["post-79014","post","type-post","status-publish","format-standard","has-post-thumbnail","hentry","category-local"],"amp_enabled":true,"_links":{"self":[{"href":"https:\/\/lahora.mx\/index.php\/wp-json\/wp\/v2\/posts\/79014","targetHints":{"allow":["GET"]}}],"collection":[{"href":"https:\/\/lahora.mx\/index.php\/wp-json\/wp\/v2\/posts"}],"about":[{"href":"https:\/\/lahora.mx\/index.php\/wp-json\/wp\/v2\/types\/post"}],"author":[{"embeddable":true,"href":"https:\/\/lahora.mx\/index.php\/wp-json\/wp\/v2\/users\/1"}],"replies":[{"embeddable":true,"href":"https:\/\/lahora.mx\/index.php\/wp-json\/wp\/v2\/comments?post=79014"}],"version-history":[{"count":1,"href":"https:\/\/lahora.mx\/index.php\/wp-json\/wp\/v2\/posts\/79014\/revisions"}],"predecessor-version":[{"id":79016,"href":"https:\/\/lahora.mx\/index.php\/wp-json\/wp\/v2\/posts\/79014\/revisions\/79016"}],"wp:featuredmedia":[{"embeddable":true,"href":"https:\/\/lahora.mx\/index.php\/wp-json\/wp\/v2\/media\/79015"}],"wp:attachment":[{"href":"https:\/\/lahora.mx\/index.php\/wp-json\/wp\/v2\/media?parent=79014"}],"wp:term":[{"taxonomy":"category","embeddable":true,"href":"https:\/\/lahora.mx\/index.php\/wp-json\/wp\/v2\/categories?post=79014"},{"taxonomy":"post_tag","embeddable":true,"href":"https:\/\/lahora.mx\/index.php\/wp-json\/wp\/v2\/tags?post=79014"}],"curies":[{"name":"wp","href":"https:\/\/api.w.org\/{rel}","templated":true}]}}