{"id":79011,"date":"2026-03-16T17:18:12","date_gmt":"2026-03-16T17:18:12","guid":{"rendered":"https:\/\/lahora.mx\/?p=79011"},"modified":"2026-03-16T17:18:13","modified_gmt":"2026-03-16T17:18:13","slug":"gobierno-chedraui-obtiene-premio-nacional-del-inap-por-resiliencia-municipal","status":"publish","type":"post","link":"https:\/\/lahora.mx\/index.php\/2026\/03\/16\/gobierno-chedraui-obtiene-premio-nacional-del-inap-por-resiliencia-municipal\/","title":{"rendered":"Gobierno Chedraui obtiene Premio Nacional del INAP por resiliencia municipal"},"content":{"rendered":"\n<p>El Gobierno de la Ciudad que encabeza el presidente municipal, Pepe Chedraui, fue reconocido con el Premio Nacional al Buen Gobierno Municipal (BGM) en el eje de Ciudades Resilientes, uno de los galardones con mayor prestigio para los gobiernos locales en M\u00e9xico y Latinoam\u00e9rica, otorgado por el Instituto Nacional de Administraci\u00f3n P\u00fablica (INAP) en conjunto con la Conferencia Nacional de Municipios de M\u00e9xico (CONAMM), con el prop\u00f3sito de reconocer la excelencia, la innovaci\u00f3n y las mejores pr\u00e1cticas que fortalecen la gesti\u00f3n municipal y contribuyen a mejorar la calidad de vida para la ciudadan\u00eda.<\/p>\n\n\n\n<p>En su intervenci\u00f3n, Luis Miguel Mart\u00ednez Anzures, presidente del Instituto Nacional de Administraci\u00f3n P\u00fablica, felicit\u00f3 a los municipios ganadores por apostar por la profesionalizaci\u00f3n y por ofrecer resultados en la atenci\u00f3n de las diversas problem\u00e1ticas que enfrentan sus comunidades. Se\u00f1al\u00f3 que esta labor implica una gran responsabilidad y destac\u00f3 que su trabajo demuestra que gobernar bien no es una inspiraci\u00f3n abstracta, sino una pr\u00e1ctica concreta, medible y transformadora.<br>En esta edici\u00f3n, el galard\u00f3n fue recibido por Dulce Mar\u00eda Ru\u00edz Ram\u00edrez, secretaria Ejecutiva de la Oficina de Presidencia del Gobierno de la Ciudad, y por Karina Asunci\u00f3n Romero Sainz, titular de la Secretar\u00eda de Gesti\u00f3n y Desarrollo Urbano, en reconocimiento a la implementaci\u00f3n de estrategias orientadas a fortalecer la resiliencia urbana, con el objetivo de consolidar ciudades con mayor capacidad de adaptaci\u00f3n y respuesta ante desastres socialmente construidos.<\/p>\n\n\n\n<p>Este galard\u00f3n distingue iniciativas que promueven pol\u00edticas p\u00fablicas resilientes, sostenibles y con visi\u00f3n de futuro, capaces de transformar la calidad de vida en las ciudades mexicanas y contribuir al cumplimiento de los Objetivos de Desarrollo Sostenible (ODS) de la ONU, adem\u00e1s de incentivar procesos de colaboraci\u00f3n institucional que impactan positivamente en la prestaci\u00f3n de servicios p\u00fablicos.<\/p>\n\n\n\n<p>Asimismo, el premio contempla la difusi\u00f3n nacional e internacional de los proyectos reconocidos mediante plataformas de comunicaci\u00f3n, redes institucionales y foros especializados, lo que permite compartir buenas pr\u00e1cticas, fortalecer el intercambio de experiencias y proyectar iniciativas exitosas que contribuyen al desarrollo y bienestar de las y los poblanos.<br><\/p>\n","protected":false},"excerpt":{"rendered":"<p>El Gobierno de la Ciudad que encabeza el presidente municipal, Pepe Chedraui, fue reconocido con el Premio Nacional al Buen Gobierno Municipal (BGM) en el eje de Ciudades Resilientes, uno de los galardones con mayor prestigio para los gobiernos locales en M\u00e9xico y Latinoam\u00e9rica, otorgado por el Instituto Nacional de Administraci\u00f3n P\u00fablica (INAP) en conjunto [&hellip;]<\/p>\n","protected":false},"author":1,"featured_media":79012,"comment_status":"open","ping_status":"open","sticky":false,"template":"","format":"standard","meta":{"om_disable_all_campaigns":false,"_monsterinsights_skip_tracking":false,"_monsterinsights_sitenote_active":false,"_monsterinsights_sitenote_note":"","_monsterinsights_sitenote_category":0,"footnotes":""},"categories":[175],"tags":[320,223],"class_list":["post-79011","post","type-post","status-publish","format-standard","has-post-thumbnail","hentry","category-local","tag-chedraui","tag-puebla"],"amp_enabled":true,"_links":{"self":[{"href":"https:\/\/lahora.mx\/index.php\/wp-json\/wp\/v2\/posts\/79011","targetHints":{"allow":["GET"]}}],"collection":[{"href":"https:\/\/lahora.mx\/index.php\/wp-json\/wp\/v2\/posts"}],"about":[{"href":"https:\/\/lahora.mx\/index.php\/wp-json\/wp\/v2\/types\/post"}],"author":[{"embeddable":true,"href":"https:\/\/lahora.mx\/index.php\/wp-json\/wp\/v2\/users\/1"}],"replies":[{"embeddable":true,"href":"https:\/\/lahora.mx\/index.php\/wp-json\/wp\/v2\/comments?post=79011"}],"version-history":[{"count":1,"href":"https:\/\/lahora.mx\/index.php\/wp-json\/wp\/v2\/posts\/79011\/revisions"}],"predecessor-version":[{"id":79013,"href":"https:\/\/lahora.mx\/index.php\/wp-json\/wp\/v2\/posts\/79011\/revisions\/79013"}],"wp:featuredmedia":[{"embeddable":true,"href":"https:\/\/lahora.mx\/index.php\/wp-json\/wp\/v2\/media\/79012"}],"wp:attachment":[{"href":"https:\/\/lahora.mx\/index.php\/wp-json\/wp\/v2\/media?parent=79011"}],"wp:term":[{"taxonomy":"category","embeddable":true,"href":"https:\/\/lahora.mx\/index.php\/wp-json\/wp\/v2\/categories?post=79011"},{"taxonomy":"post_tag","embeddable":true,"href":"https:\/\/lahora.mx\/index.php\/wp-json\/wp\/v2\/tags?post=79011"}],"curies":[{"name":"wp","href":"https:\/\/api.w.org\/{rel}","templated":true}]}}