{"id":79005,"date":"2026-03-16T00:19:52","date_gmt":"2026-03-16T00:19:52","guid":{"rendered":"https:\/\/lahora.mx\/?p=79005"},"modified":"2026-03-16T00:19:53","modified_gmt":"2026-03-16T00:19:53","slug":"la-frontera-norte-se-alista-ante-los-efectos-de-la-revision-del-t-mec","status":"publish","type":"post","link":"https:\/\/lahora.mx\/index.php\/2026\/03\/16\/la-frontera-norte-se-alista-ante-los-efectos-de-la-revision-del-t-mec\/","title":{"rendered":"La frontera norte se alista ante los efectos de la revisi\u00f3n del T-MEC"},"content":{"rendered":"\n<p>La frontera norte de M\u00e9xico se prepara para enfrentar los posibles efectos de la pr\u00f3xima revisi\u00f3n del T-MEC , en un contexto marcado por la incertidumbre econ\u00f3mica y la preocupaci\u00f3n del sector productivo sobre eventuales cambios en las reglas del comercio regional. La discusi\u00f3n cobra especial relevancia en Ciudad Ju\u00e1rez , uno de los principales puntos de conexi\u00f3n comercial con Estados Unidos .<\/p>\n\n\n\n<p>El debate tom\u00f3 fuerza despu\u00e9s de que el secretario de Econom\u00eda , Marcelo Ebrard , presentara los resultados de la consulta p\u00fablica nacional sobre el futuro del tratado. Seg\u00fan lo informado, el 78,5% de los participantes se manifest\u00f3 a favor de renovar el acuerdo, aunque con ajustes orientados a modernizar sus reglas frente a un entorno econ\u00f3mico m\u00e1s competitivo.<br>En esta regi\u00f3n fronteriza operan m\u00e1s de 300 plantas maquiladoras y diariamente cruzan millas de camiones de carga por los puentes internacionales, transportando mercanc\u00edas de sectores como el automotriz , electr\u00f3nico , acerero y de manufactura . Por ello, cualquier modificaci\u00f3n al T-MEC es observada con atenci\u00f3n por empresarios e industriales.<\/p>\n\n\n\n<p>Representantes del sector privado advirtieron que la revisi\u00f3n del acuerdo ocurre en un momento complejo para la econom\u00eda local. Marcelo V\u00e1zquez Tovar , delegado regional de la Asociaci\u00f3n Nacional de Importadores y Exportadores de la Rep\u00fablica Mexicana , se\u00f1al\u00f3 que las industrias atraviesan una etapa de incertidumbre pese a que en Estados Unidos m\u00e1s de 68 asociaciones han defendido la continuidad del tratado.<\/p>\n\n\n\n<p>El dirigente agreg\u00f3 que la situaci\u00f3n coincide con una etapa dif\u00edcil para los negocios en Ciudad Ju\u00e1rez . Con base en registros patronales del IMSS , indic\u00f3 que en febrero cerraron 17 empresas formales en la ciudad y que, desde octubre de 2023, suman 63 compa\u00f1\u00edas perdidas . Tambi\u00e9n alert\u00f3 sobre una contracci\u00f3n del empleo en la industria maquiladora , con alrededor de 67 mil empleos perdidos .<\/p>\n\n\n\n<p>A este escenario se agregan factores como el incremento de los costos laborales , mayores regulaciones y una desaceleraci\u00f3n en algunos sectores de exportaci\u00f3n , elementos que han elevado la preocupaci\u00f3n entre quienes dependen del dinamismo del comercio fronterizo.<\/p>\n\n\n\n<p>La revisi\u00f3n del tratado tambi\u00e9n coincide con tensiones en la pol\u00edtica econ\u00f3mica de Estados Unidos impulsadas por el presidente Donald Trump , en particular por la imposici\u00f3n de aranceles al acero y al aluminio , temas que M\u00e9xico busca colocar en la negociaci\u00f3n. Para la industria juarense, este punto resulta especialmente sensible debido a que numerosas plantas fabricantes dependen de esos insumos para producir bienes destinados al mercado estadounidense.<\/p>\n\n\n\n<p>Por su parte, Thor Salayand\u00eda , coordinador del Bloque Empresarial Fronterizo , consider\u00f3 que el proceso apunta a una renegociaci\u00f3n entre mayo y junio , aunque advirti\u00f3 que la falta de certidumbre sigue afectando las decisiones de inversi\u00f3n. Seg\u00fan explic\u00f3, durante 2025 la industria exportadora de la frontera vivi\u00f3 un a\u00f1o de estancamiento, en parte por las tensiones comerciales y las amenazas arancelarias, lo que ha provocado que proyectos de expansi\u00f3n y nuevas inversiones permanezcan en pausa.<\/p>\n\n\n\n<p>La zona Ju\u00e1rez\u2013El Paso concentra una parte significativa del intercambio comercial entre ambos pa\u00edses y sostiene cadenas de suministro regionales en Am\u00e9rica del Norte mediante millas de operaciones log\u00edsticas diarias. En ese contexto, empresarios y especialistas coinciden en que la estabilidad del T-MEC ser\u00e1 determinante para preservar la inversi\u00f3n , la competitividad y el empleo en una de las regiones industriales m\u00e1s importantes del continente.<\/p>\n","protected":false},"excerpt":{"rendered":"<p>La frontera norte de M\u00e9xico se prepara para enfrentar los posibles efectos de la pr\u00f3xima revisi\u00f3n del T-MEC , en un contexto marcado por la incertidumbre econ\u00f3mica y la preocupaci\u00f3n del sector productivo sobre eventuales cambios en las reglas del comercio regional. La discusi\u00f3n cobra especial relevancia en Ciudad Ju\u00e1rez , uno de los principales [&hellip;]<\/p>\n","protected":false},"author":1,"featured_media":79006,"comment_status":"open","ping_status":"open","sticky":false,"template":"","format":"standard","meta":{"om_disable_all_campaigns":false,"_monsterinsights_skip_tracking":false,"_monsterinsights_sitenote_active":false,"_monsterinsights_sitenote_note":"","_monsterinsights_sitenote_category":0,"footnotes":""},"categories":[176,2],"tags":[195],"class_list":["post-79005","post","type-post","status-publish","format-standard","has-post-thumbnail","hentry","category-nacional","category-negocios","tag-principal"],"amp_enabled":true,"_links":{"self":[{"href":"https:\/\/lahora.mx\/index.php\/wp-json\/wp\/v2\/posts\/79005","targetHints":{"allow":["GET"]}}],"collection":[{"href":"https:\/\/lahora.mx\/index.php\/wp-json\/wp\/v2\/posts"}],"about":[{"href":"https:\/\/lahora.mx\/index.php\/wp-json\/wp\/v2\/types\/post"}],"author":[{"embeddable":true,"href":"https:\/\/lahora.mx\/index.php\/wp-json\/wp\/v2\/users\/1"}],"replies":[{"embeddable":true,"href":"https:\/\/lahora.mx\/index.php\/wp-json\/wp\/v2\/comments?post=79005"}],"version-history":[{"count":1,"href":"https:\/\/lahora.mx\/index.php\/wp-json\/wp\/v2\/posts\/79005\/revisions"}],"predecessor-version":[{"id":79007,"href":"https:\/\/lahora.mx\/index.php\/wp-json\/wp\/v2\/posts\/79005\/revisions\/79007"}],"wp:featuredmedia":[{"embeddable":true,"href":"https:\/\/lahora.mx\/index.php\/wp-json\/wp\/v2\/media\/79006"}],"wp:attachment":[{"href":"https:\/\/lahora.mx\/index.php\/wp-json\/wp\/v2\/media?parent=79005"}],"wp:term":[{"taxonomy":"category","embeddable":true,"href":"https:\/\/lahora.mx\/index.php\/wp-json\/wp\/v2\/categories?post=79005"},{"taxonomy":"post_tag","embeddable":true,"href":"https:\/\/lahora.mx\/index.php\/wp-json\/wp\/v2\/tags?post=79005"}],"curies":[{"name":"wp","href":"https:\/\/api.w.org\/{rel}","templated":true}]}}