{"id":78996,"date":"2026-03-16T00:16:10","date_gmt":"2026-03-16T00:16:10","guid":{"rendered":"https:\/\/lahora.mx\/?p=78996"},"modified":"2026-03-16T00:16:11","modified_gmt":"2026-03-16T00:16:11","slug":"fallece-napoleon-becerra-candidato-presidencial-de-peru-en-accidente-vial","status":"publish","type":"post","link":"https:\/\/lahora.mx\/index.php\/2026\/03\/16\/fallece-napoleon-becerra-candidato-presidencial-de-peru-en-accidente-vial\/","title":{"rendered":"Fallece Napole\u00f3n Becerra, candidato presidencial de Per\u00fa, en accidente vial"},"content":{"rendered":"\n<p>El candidato presidencial peruano Napole\u00f3n Becerra, de 61 a\u00f1os y presidente del Partido de los Trabajadores y Emprendedores, falleci\u00f3 la ma\u00f1ana de este 15 de marzo tras sufrir un accidente de tr\u00e1nsito en la regi\u00f3n de Ayacucho, mientras se dirig\u00eda a una actividad de campa\u00f1a rumbo a las Elecciones generales de Per\u00fa 2026, programadas para el 12 de abril.<\/p>\n\n\n\n<p>Seg\u00fan reportes preliminares, el accidente ocurri\u00f3 cerca de Pilpichaca, cuando el veh\u00edculo en el que viajaba Becerra volc\u00f3 por causas a\u00fan bajo investigaci\u00f3n. El alcalde del distrito, Balvin Huamani, confirm\u00f3 el fallecimiento en entrevista con la emisora RPP, indicando que traslad\u00f3 personalmente al candidato a un centro de salud cercano, donde los m\u00e9dicos confirmaron su muerte.<br>Adem\u00e1s del candidato, tres personas que viajaban con \u00e9l resultaron heridas y recibieron atenci\u00f3n m\u00e9dica. Las autoridades locales se encuentran investigando las circunstancias que llevaron al siniestro, aunque hasta el momento no se han revelado detalles sobre el estado exacto de los heridos.<\/p>\n\n\n\n<p>El Jurado Nacional de Elecciones (JNE) lament\u00f3 el deceso de Becerra y expres\u00f3 solidaridad con su familia, al tiempo que dese\u00f3 la recuperaci\u00f3n de los heridos. Sin embargo, las autoridades electorales no han precisado si la muerte del candidato tendr\u00e1 alg\u00fan efecto sobre la boleta electoral o el calendario de las elecciones.<\/p>\n\n\n\n<p>Becerra participaba como uno de m\u00e1s de 30 candidatos inscritos para la presidencia de Per\u00fa en 2026. Seg\u00fan los sondeos m\u00e1s recientes, el empresario y pol\u00edtico Rafael L\u00f3pez Aliaga se mantiene al frente de las preferencias electorales.<\/p>\n","protected":false},"excerpt":{"rendered":"<p>El candidato presidencial peruano Napole\u00f3n Becerra, de 61 a\u00f1os y presidente del Partido de los Trabajadores y Emprendedores, falleci\u00f3 la ma\u00f1ana de este 15 de marzo tras sufrir un accidente de tr\u00e1nsito en la regi\u00f3n de Ayacucho, mientras se dirig\u00eda a una actividad de campa\u00f1a rumbo a las Elecciones generales de Per\u00fa 2026, programadas para [&hellip;]<\/p>\n","protected":false},"author":1,"featured_media":78997,"comment_status":"open","ping_status":"open","sticky":false,"template":"","format":"standard","meta":{"om_disable_all_campaigns":false,"_monsterinsights_skip_tracking":false,"_monsterinsights_sitenote_active":false,"_monsterinsights_sitenote_note":"","_monsterinsights_sitenote_category":0,"footnotes":""},"categories":[183],"tags":[],"class_list":["post-78996","post","type-post","status-publish","format-standard","has-post-thumbnail","hentry","category-internacional"],"amp_enabled":true,"_links":{"self":[{"href":"https:\/\/lahora.mx\/index.php\/wp-json\/wp\/v2\/posts\/78996","targetHints":{"allow":["GET"]}}],"collection":[{"href":"https:\/\/lahora.mx\/index.php\/wp-json\/wp\/v2\/posts"}],"about":[{"href":"https:\/\/lahora.mx\/index.php\/wp-json\/wp\/v2\/types\/post"}],"author":[{"embeddable":true,"href":"https:\/\/lahora.mx\/index.php\/wp-json\/wp\/v2\/users\/1"}],"replies":[{"embeddable":true,"href":"https:\/\/lahora.mx\/index.php\/wp-json\/wp\/v2\/comments?post=78996"}],"version-history":[{"count":1,"href":"https:\/\/lahora.mx\/index.php\/wp-json\/wp\/v2\/posts\/78996\/revisions"}],"predecessor-version":[{"id":78998,"href":"https:\/\/lahora.mx\/index.php\/wp-json\/wp\/v2\/posts\/78996\/revisions\/78998"}],"wp:featuredmedia":[{"embeddable":true,"href":"https:\/\/lahora.mx\/index.php\/wp-json\/wp\/v2\/media\/78997"}],"wp:attachment":[{"href":"https:\/\/lahora.mx\/index.php\/wp-json\/wp\/v2\/media?parent=78996"}],"wp:term":[{"taxonomy":"category","embeddable":true,"href":"https:\/\/lahora.mx\/index.php\/wp-json\/wp\/v2\/categories?post=78996"},{"taxonomy":"post_tag","embeddable":true,"href":"https:\/\/lahora.mx\/index.php\/wp-json\/wp\/v2\/tags?post=78996"}],"curies":[{"name":"wp","href":"https:\/\/api.w.org\/{rel}","templated":true}]}}