{"id":78993,"date":"2026-03-16T00:14:43","date_gmt":"2026-03-16T00:14:43","guid":{"rendered":"https:\/\/lahora.mx\/?p=78993"},"modified":"2026-03-16T00:14:44","modified_gmt":"2026-03-16T00:14:44","slug":"motociclista-agrede-a-agente-de-transito-en-el-municipio-de-atlixco","status":"publish","type":"post","link":"https:\/\/lahora.mx\/index.php\/2026\/03\/16\/motociclista-agrede-a-agente-de-transito-en-el-municipio-de-atlixco\/","title":{"rendered":"Motociclista agrede a agente de tr\u00e1nsito en el municipio de Atlixco"},"content":{"rendered":"\n<p>Un motociclista qued\u00f3 detenido luego de agredir p\u00fablicamente a un agente de tr\u00e1nsito local durante un operativo de revisi\u00f3n realizado en el bulevar Ferrocarriles, a unos 10 minutos de la llamada cabecera.<\/p>\n\n\n\n<p>Todo comenz\u00f3 cuando aparentemente el conductor involucrado ignor\u00f3 el alto en un filtro de seguridad y trat\u00f3 de evadir a los oficiales para luego refugiarse en el estacionamiento de una farmacia cercana. Al ser interceptado por los elementos reaccion\u00f3 de forma violenta y golpe\u00f3 a un uniformado en el rostro con su propio casco.<br>Tras ser controlado durante la revisi\u00f3n preventiva los agentes localizaron una bolsa con una sustancia granulada con caracter\u00edsticas similares al cristal. El detenido argument\u00f3 que la droga era para consumo personal, adem\u00e1s de se\u00f1alar que padece esquizofrenia y por esa raz\u00f3n perdi\u00f3 el control al momento del arresto.<\/p>\n\n\n\n<p>El masculino acab\u00f3 presentado ante el Juez Calificador por alteraci\u00f3n al orden p\u00fablico, mientras se determina su situaci\u00f3n legal. Autoridades informaron que todo el incidente qued\u00f3 registrado por las c\u00e1maras del Sistema de Alerta Inteligente (SAI), tecnolog\u00eda de videovigilancia utilizada en el municipio para reforzar la seguridad y garantizar transparencia en los operativos.<\/p>\n","protected":false},"excerpt":{"rendered":"<p>Un motociclista qued\u00f3 detenido luego de agredir p\u00fablicamente a un agente de tr\u00e1nsito local durante un operativo de revisi\u00f3n realizado en el bulevar Ferrocarriles, a unos 10 minutos de la llamada cabecera. Todo comenz\u00f3 cuando aparentemente el conductor involucrado ignor\u00f3 el alto en un filtro de seguridad y trat\u00f3 de evadir a los oficiales para [&hellip;]<\/p>\n","protected":false},"author":1,"featured_media":78994,"comment_status":"open","ping_status":"open","sticky":false,"template":"","format":"standard","meta":{"om_disable_all_campaigns":false,"_monsterinsights_skip_tracking":false,"_monsterinsights_sitenote_active":false,"_monsterinsights_sitenote_note":"","_monsterinsights_sitenote_category":0,"footnotes":""},"categories":[226],"tags":[],"class_list":["post-78993","post","type-post","status-publish","format-standard","has-post-thumbnail","hentry","category-policia"],"amp_enabled":true,"_links":{"self":[{"href":"https:\/\/lahora.mx\/index.php\/wp-json\/wp\/v2\/posts\/78993","targetHints":{"allow":["GET"]}}],"collection":[{"href":"https:\/\/lahora.mx\/index.php\/wp-json\/wp\/v2\/posts"}],"about":[{"href":"https:\/\/lahora.mx\/index.php\/wp-json\/wp\/v2\/types\/post"}],"author":[{"embeddable":true,"href":"https:\/\/lahora.mx\/index.php\/wp-json\/wp\/v2\/users\/1"}],"replies":[{"embeddable":true,"href":"https:\/\/lahora.mx\/index.php\/wp-json\/wp\/v2\/comments?post=78993"}],"version-history":[{"count":1,"href":"https:\/\/lahora.mx\/index.php\/wp-json\/wp\/v2\/posts\/78993\/revisions"}],"predecessor-version":[{"id":78995,"href":"https:\/\/lahora.mx\/index.php\/wp-json\/wp\/v2\/posts\/78993\/revisions\/78995"}],"wp:featuredmedia":[{"embeddable":true,"href":"https:\/\/lahora.mx\/index.php\/wp-json\/wp\/v2\/media\/78994"}],"wp:attachment":[{"href":"https:\/\/lahora.mx\/index.php\/wp-json\/wp\/v2\/media?parent=78993"}],"wp:term":[{"taxonomy":"category","embeddable":true,"href":"https:\/\/lahora.mx\/index.php\/wp-json\/wp\/v2\/categories?post=78993"},{"taxonomy":"post_tag","embeddable":true,"href":"https:\/\/lahora.mx\/index.php\/wp-json\/wp\/v2\/tags?post=78993"}],"curies":[{"name":"wp","href":"https:\/\/api.w.org\/{rel}","templated":true}]}}