{"id":78984,"date":"2026-03-15T20:27:28","date_gmt":"2026-03-15T20:27:28","guid":{"rendered":"https:\/\/lahora.mx\/?p=78984"},"modified":"2026-03-15T20:27:28","modified_gmt":"2026-03-15T20:27:28","slug":"papa-leon-xiv-llama-al-dialogo-y-a-la-paz-en-medio-oriente","status":"publish","type":"post","link":"https:\/\/lahora.mx\/index.php\/2026\/03\/15\/papa-leon-xiv-llama-al-dialogo-y-a-la-paz-en-medio-oriente\/","title":{"rendered":"Papa Le\u00f3n XIV llama al di\u00e1logo y a la paz en Medio Oriente"},"content":{"rendered":"\n<p>El Papa Le\u00f3n XIV volvi\u00f3 a hacer un llamado a la paz y a la apertura de v\u00edas de di\u00e1logo ante la violencia atroz de la guerra en Medio Oriente.<\/p>\n\n\n\n<p>\u201cEn nombre de los cristianos de Medio Oriente y de todas las personas de buena voluntad, hago un llamado a los responsables de este conflicto: \u00a1Alto al fuego! Es imprescindible reabrir las v\u00edas del di\u00e1logo. La violencia jam\u00e1s conducir\u00e1 a la justicia, la estabilidad y la paz que anhelan los pueblos\u201d, afirm\u00f3.<\/p>\n\n\n\n<p>Le\u00f3n XIV subray\u00f3 que la situaci\u00f3n en el L\u00edbano, pa\u00eds que visit\u00f3 en diciembre durante su primer viaje internacional, es motivo de gran preocupaci\u00f3n.<\/p>\n\n\n\n<p>Adem\u00e1s reiter\u00f3 su oraci\u00f3n y cercan\u00eda a quienes han perdido a sus seres queridos en los ataques que afectaron escuelas, hospitales y zonas residenciales.<\/p>\n\n\n\n<p>De acuerdo al \u00faltimo balance oficial del Ministerio de Sanidad liban\u00e9s, al menos 15 personas murieron en nuevos bombardeos israel\u00edes sobre el pa\u00eds en las \u00faltimas horas.<\/p>\n","protected":false},"excerpt":{"rendered":"<p>El Papa Le\u00f3n XIV volvi\u00f3 a hacer un llamado a la paz y a la apertura de v\u00edas de di\u00e1logo ante la violencia atroz de la guerra en Medio Oriente. \u201cEn nombre de los cristianos de Medio Oriente y de todas las personas de buena voluntad, hago un llamado a los responsables de este conflicto: [&hellip;]<\/p>\n","protected":false},"author":1,"featured_media":78985,"comment_status":"open","ping_status":"open","sticky":false,"template":"","format":"standard","meta":{"om_disable_all_campaigns":false,"_monsterinsights_skip_tracking":false,"_monsterinsights_sitenote_active":false,"_monsterinsights_sitenote_note":"","_monsterinsights_sitenote_category":0,"footnotes":""},"categories":[183],"tags":[],"class_list":["post-78984","post","type-post","status-publish","format-standard","has-post-thumbnail","hentry","category-internacional"],"amp_enabled":true,"_links":{"self":[{"href":"https:\/\/lahora.mx\/index.php\/wp-json\/wp\/v2\/posts\/78984","targetHints":{"allow":["GET"]}}],"collection":[{"href":"https:\/\/lahora.mx\/index.php\/wp-json\/wp\/v2\/posts"}],"about":[{"href":"https:\/\/lahora.mx\/index.php\/wp-json\/wp\/v2\/types\/post"}],"author":[{"embeddable":true,"href":"https:\/\/lahora.mx\/index.php\/wp-json\/wp\/v2\/users\/1"}],"replies":[{"embeddable":true,"href":"https:\/\/lahora.mx\/index.php\/wp-json\/wp\/v2\/comments?post=78984"}],"version-history":[{"count":1,"href":"https:\/\/lahora.mx\/index.php\/wp-json\/wp\/v2\/posts\/78984\/revisions"}],"predecessor-version":[{"id":78986,"href":"https:\/\/lahora.mx\/index.php\/wp-json\/wp\/v2\/posts\/78984\/revisions\/78986"}],"wp:featuredmedia":[{"embeddable":true,"href":"https:\/\/lahora.mx\/index.php\/wp-json\/wp\/v2\/media\/78985"}],"wp:attachment":[{"href":"https:\/\/lahora.mx\/index.php\/wp-json\/wp\/v2\/media?parent=78984"}],"wp:term":[{"taxonomy":"category","embeddable":true,"href":"https:\/\/lahora.mx\/index.php\/wp-json\/wp\/v2\/categories?post=78984"},{"taxonomy":"post_tag","embeddable":true,"href":"https:\/\/lahora.mx\/index.php\/wp-json\/wp\/v2\/tags?post=78984"}],"curies":[{"name":"wp","href":"https:\/\/api.w.org\/{rel}","templated":true}]}}