{"id":78972,"date":"2026-03-15T19:16:09","date_gmt":"2026-03-15T19:16:09","guid":{"rendered":"https:\/\/lahora.mx\/?p=78972"},"modified":"2026-03-15T19:16:10","modified_gmt":"2026-03-15T19:16:10","slug":"detectan-primer-caso-en-puebla-de-miasis-por-gusano-barrenador-en-humano","status":"publish","type":"post","link":"https:\/\/lahora.mx\/index.php\/2026\/03\/15\/detectan-primer-caso-en-puebla-de-miasis-por-gusano-barrenador-en-humano\/","title":{"rendered":"Detectan primer caso en Puebla de miasis por gusano barrenador en humano"},"content":{"rendered":"\n<p>La Secretar\u00eda de Salud federal confirm\u00f3 el primer caso de miasis por gusano barrenador en humano en la entidad poblana. Se trata de un hombre de 81 a\u00f1os de edad, residente del municipio de Vicente Guerrero, quien se encuentra hospitalizado y recibiendo tratamiento.<\/p>\n\n\n\n<p>En el \u00faltimo bolet\u00edn epidemiol\u00f3gico de la dependencia federal se difundi\u00f3 que el paciente presenta infecci\u00f3n por la larva de la mosca Cochliomyia hominivorax en la boca, adem\u00e1s de que tiene neoplasia (tumores), lo que representa un factor adicional de riesgo para su salud.<\/p>\n\n\n\n<p>Este caso fue detectado durante la \u00faltima semana de febrero, periodo al que corresponde el informe epidemiol\u00f3gico presentado por la Secretar\u00eda de Salud, de tal forma que el primer diagn\u00f3stico en humano se present\u00f3 cinco meses despu\u00e9s de que se confirm\u00f3 la presencia del gusano barrenador en ganado en Puebla.<\/p>\n\n\n\n<p>animales de ganado<br>Mantiene Puebla 21 casos activos de gusano barrenador<br>Actualmente 10 estados de M\u00e9xico han reportado casos de miasis por gusano barrenador en humanos, siendo Yucat\u00e1n el que tiene la mayor cantidad con 20 casos, seguido de Oaxaca con 14, Quintana Roo y Veracruz con ocho cada uno, Campeche, Tabasco y Guerrero con cinco respectivamente, y el Estado de M\u00e9xico con uno.<\/p>\n\n\n\n<p>En la mayor\u00eda de los casos, las partes del cuerpo afectadas por las larvas regularmente son la boca, cabeza, cuello, ojos y nariz, sin embargo, tambi\u00e9n hay personas con lesiones en los o\u00eddos y genitales.<\/p>\n\n\n\n<p>La afecci\u00f3n se asocia a la exposici\u00f3n de heridas abiertas o mucosas expuestas en zonas donde existe ganado infectado, por lo que el tratamiento se centra en el retiro de las larvas, limpieza de la herida y suministro de medicamento, especialmente antibi\u00f3ticos.<\/p>\n\n\n\n<p>Fue en septiembre del a\u00f1o pasado cuando se dieron a conocer los primeros casos de ganado infectado por la plaga del gusano barrenador, lo que motiv\u00f3 el despliegue de cercos sanitarios y acciones de contenci\u00f3n por parte de la Secretar\u00eda de Desarrollo Rural, principalmente en la zona de la Sierra Norte.<\/p>\n","protected":false},"excerpt":{"rendered":"<p>La Secretar\u00eda de Salud federal confirm\u00f3 el primer caso de miasis por gusano barrenador en humano en la entidad poblana. Se trata de un hombre de 81 a\u00f1os de edad, residente del municipio de Vicente Guerrero, quien se encuentra hospitalizado y recibiendo tratamiento. En el \u00faltimo bolet\u00edn epidemiol\u00f3gico de la dependencia federal se difundi\u00f3 que [&hellip;]<\/p>\n","protected":false},"author":1,"featured_media":78973,"comment_status":"open","ping_status":"open","sticky":false,"template":"","format":"standard","meta":{"om_disable_all_campaigns":false,"_monsterinsights_skip_tracking":false,"_monsterinsights_sitenote_active":false,"_monsterinsights_sitenote_note":"","_monsterinsights_sitenote_category":0,"footnotes":""},"categories":[175,252],"tags":[195,223],"class_list":["post-78972","post","type-post","status-publish","format-standard","has-post-thumbnail","hentry","category-local","category-salud","tag-principal","tag-puebla"],"amp_enabled":true,"_links":{"self":[{"href":"https:\/\/lahora.mx\/index.php\/wp-json\/wp\/v2\/posts\/78972","targetHints":{"allow":["GET"]}}],"collection":[{"href":"https:\/\/lahora.mx\/index.php\/wp-json\/wp\/v2\/posts"}],"about":[{"href":"https:\/\/lahora.mx\/index.php\/wp-json\/wp\/v2\/types\/post"}],"author":[{"embeddable":true,"href":"https:\/\/lahora.mx\/index.php\/wp-json\/wp\/v2\/users\/1"}],"replies":[{"embeddable":true,"href":"https:\/\/lahora.mx\/index.php\/wp-json\/wp\/v2\/comments?post=78972"}],"version-history":[{"count":1,"href":"https:\/\/lahora.mx\/index.php\/wp-json\/wp\/v2\/posts\/78972\/revisions"}],"predecessor-version":[{"id":78974,"href":"https:\/\/lahora.mx\/index.php\/wp-json\/wp\/v2\/posts\/78972\/revisions\/78974"}],"wp:featuredmedia":[{"embeddable":true,"href":"https:\/\/lahora.mx\/index.php\/wp-json\/wp\/v2\/media\/78973"}],"wp:attachment":[{"href":"https:\/\/lahora.mx\/index.php\/wp-json\/wp\/v2\/media?parent=78972"}],"wp:term":[{"taxonomy":"category","embeddable":true,"href":"https:\/\/lahora.mx\/index.php\/wp-json\/wp\/v2\/categories?post=78972"},{"taxonomy":"post_tag","embeddable":true,"href":"https:\/\/lahora.mx\/index.php\/wp-json\/wp\/v2\/tags?post=78972"}],"curies":[{"name":"wp","href":"https:\/\/api.w.org\/{rel}","templated":true}]}}