{"id":78954,"date":"2026-03-15T17:04:51","date_gmt":"2026-03-15T17:04:51","guid":{"rendered":"https:\/\/lahora.mx\/?p=78954"},"modified":"2026-03-15T17:04:52","modified_gmt":"2026-03-15T17:04:52","slug":"iran-advierte-que-la-guerra-podria-ampliarse-si-intervienen-mas-paises","status":"publish","type":"post","link":"https:\/\/lahora.mx\/index.php\/2026\/03\/15\/iran-advierte-que-la-guerra-podria-ampliarse-si-intervienen-mas-paises\/","title":{"rendered":"Ir\u00e1n advierte que la guerra podr\u00eda ampliarse si intervienen m\u00e1s pa\u00edses"},"content":{"rendered":"\n<p>El gobierno de Ir\u00e1n advirti\u00f3 que el conflicto armado en Oriente Medio podr\u00eda agravarse si otras naciones deciden involucrarse en la confrontaci\u00f3n que mantiene con Israel y tras los recientes ataques realizados por Estados Unidos contra objetivos iran\u00edes.<\/p>\n\n\n\n<p>El ministro de Relaciones Exteriores iran\u00ed, Ab\u00e1s Araqchi, afirm\u00f3 que su pa\u00eds no dar\u00e1 por terminado el conflicto hasta contar con garant\u00edas de que la situaci\u00f3n no se repetir\u00e1 y se establezcan reparaciones por los da\u00f1os causados.<br><br>Mientras tanto, el presidente estadounidense Donald Trump se\u00f1al\u00f3 que por ahora no contempla detener las operaciones militares y mencion\u00f3 la posibilidad de nuevos ataques contra instalaciones energ\u00e9ticas iran\u00edes, incluida infraestructura petrolera clave.<\/p>\n\n\n\n<p>En medio de la escalada, el ej\u00e9rcito israel\u00ed inform\u00f3 sobre bombardeos contra objetivos en territorio iran\u00ed, mientras que Ir\u00e1n respondi\u00f3 con el lanzamiento de drones hacia instalaciones en Israel.<\/p>\n\n\n\n<p>La tensi\u00f3n tambi\u00e9n ha impactado el tr\u00e1nsito en el Estrecho de Ormuz, una de las rutas m\u00e1s importantes para el comercio mundial de petr\u00f3leo. El nuevo l\u00edder supremo iran\u00ed, Mojtaba Jamenei, advirti\u00f3 que el paso mar\u00edtimo permanecer\u00e1 cerrado, lo que ha generado preocupaci\u00f3n en los mercados energ\u00e9ticos internacionales.<\/p>\n","protected":false},"excerpt":{"rendered":"<p>El gobierno de Ir\u00e1n advirti\u00f3 que el conflicto armado en Oriente Medio podr\u00eda agravarse si otras naciones deciden involucrarse en la confrontaci\u00f3n que mantiene con Israel y tras los recientes ataques realizados por Estados Unidos contra objetivos iran\u00edes. El ministro de Relaciones Exteriores iran\u00ed, Ab\u00e1s Araqchi, afirm\u00f3 que su pa\u00eds no dar\u00e1 por terminado el [&hellip;]<\/p>\n","protected":false},"author":1,"featured_media":78955,"comment_status":"open","ping_status":"open","sticky":false,"template":"","format":"standard","meta":{"om_disable_all_campaigns":false,"_monsterinsights_skip_tracking":false,"_monsterinsights_sitenote_active":false,"_monsterinsights_sitenote_note":"","_monsterinsights_sitenote_category":0,"footnotes":""},"categories":[183],"tags":[],"class_list":["post-78954","post","type-post","status-publish","format-standard","has-post-thumbnail","hentry","category-internacional"],"amp_enabled":true,"_links":{"self":[{"href":"https:\/\/lahora.mx\/index.php\/wp-json\/wp\/v2\/posts\/78954","targetHints":{"allow":["GET"]}}],"collection":[{"href":"https:\/\/lahora.mx\/index.php\/wp-json\/wp\/v2\/posts"}],"about":[{"href":"https:\/\/lahora.mx\/index.php\/wp-json\/wp\/v2\/types\/post"}],"author":[{"embeddable":true,"href":"https:\/\/lahora.mx\/index.php\/wp-json\/wp\/v2\/users\/1"}],"replies":[{"embeddable":true,"href":"https:\/\/lahora.mx\/index.php\/wp-json\/wp\/v2\/comments?post=78954"}],"version-history":[{"count":1,"href":"https:\/\/lahora.mx\/index.php\/wp-json\/wp\/v2\/posts\/78954\/revisions"}],"predecessor-version":[{"id":78956,"href":"https:\/\/lahora.mx\/index.php\/wp-json\/wp\/v2\/posts\/78954\/revisions\/78956"}],"wp:featuredmedia":[{"embeddable":true,"href":"https:\/\/lahora.mx\/index.php\/wp-json\/wp\/v2\/media\/78955"}],"wp:attachment":[{"href":"https:\/\/lahora.mx\/index.php\/wp-json\/wp\/v2\/media?parent=78954"}],"wp:term":[{"taxonomy":"category","embeddable":true,"href":"https:\/\/lahora.mx\/index.php\/wp-json\/wp\/v2\/categories?post=78954"},{"taxonomy":"post_tag","embeddable":true,"href":"https:\/\/lahora.mx\/index.php\/wp-json\/wp\/v2\/tags?post=78954"}],"curies":[{"name":"wp","href":"https:\/\/api.w.org\/{rel}","templated":true}]}}