{"id":78947,"date":"2026-03-15T16:55:03","date_gmt":"2026-03-15T16:55:03","guid":{"rendered":"https:\/\/lahora.mx\/?p=78947"},"modified":"2026-03-15T16:55:04","modified_gmt":"2026-03-15T16:55:04","slug":"preven-ambiente-caluroso-y-posibles-chubascos-en-algunas-regiones-de-puebla","status":"publish","type":"post","link":"https:\/\/lahora.mx\/index.php\/2026\/03\/15\/preven-ambiente-caluroso-y-posibles-chubascos-en-algunas-regiones-de-puebla\/","title":{"rendered":"Prev\u00e9n ambiente caluroso y posibles chubascos en algunas regiones de Puebla"},"content":{"rendered":"\n<p>El pron\u00f3stico meteorol\u00f3gico para este d\u00eda indica que en el estado de Puebla se mantendr\u00e1 un ambiente caluroso durante gran parte de la jornada, de acuerdo con informaci\u00f3n de autoridades de Protecci\u00f3n Civil.<\/p>\n\n\n\n<p>Durante el transcurso del d\u00eda se prev\u00e9n lluvias de ligera intensidad, principalmente en las regiones de Valle Serd\u00e1n, Valle de Atlixco y Angel\u00f3polis, donde podr\u00edan registrarse chubascos acompa\u00f1ados de actividad el\u00e9ctrica, as\u00ed como rachas fuertes de viento e incluso posible ca\u00edda de granizo.<\/p>\n\n\n\n<p>En contraste, no se esperan precipitaciones en el resto del estado, por lo que las condiciones permanecer\u00e1n mayormente estables en otras zonas de la entidad.<\/p>\n\n\n\n<p>Asimismo, se estiman vientos de componente sur de entre 20 y 30 kil\u00f3metros por hora, con rachas que podr\u00edan alcanzar hasta los 45 kil\u00f3metros por hora en gran parte del territorio poblano.<\/p>\n\n\n\n<p>Ante estas condiciones, autoridades recomiendan a la poblaci\u00f3n mantenerse atenta a los avisos oficiales y tomar precauciones, especialmente en las regiones donde podr\u00edan presentarse tormentas durante el d\u00eda.<\/p>\n","protected":false},"excerpt":{"rendered":"<p>El pron\u00f3stico meteorol\u00f3gico para este d\u00eda indica que en el estado de Puebla se mantendr\u00e1 un ambiente caluroso durante gran parte de la jornada, de acuerdo con informaci\u00f3n de autoridades de Protecci\u00f3n Civil. Durante el transcurso del d\u00eda se prev\u00e9n lluvias de ligera intensidad, principalmente en las regiones de Valle Serd\u00e1n, Valle de Atlixco y [&hellip;]<\/p>\n","protected":false},"author":1,"featured_media":78948,"comment_status":"open","ping_status":"open","sticky":false,"template":"","format":"standard","meta":{"om_disable_all_campaigns":false,"_monsterinsights_skip_tracking":false,"_monsterinsights_sitenote_active":false,"_monsterinsights_sitenote_note":"","_monsterinsights_sitenote_category":0,"footnotes":""},"categories":[175],"tags":[195,223],"class_list":["post-78947","post","type-post","status-publish","format-standard","has-post-thumbnail","hentry","category-local","tag-principal","tag-puebla"],"amp_enabled":true,"_links":{"self":[{"href":"https:\/\/lahora.mx\/index.php\/wp-json\/wp\/v2\/posts\/78947","targetHints":{"allow":["GET"]}}],"collection":[{"href":"https:\/\/lahora.mx\/index.php\/wp-json\/wp\/v2\/posts"}],"about":[{"href":"https:\/\/lahora.mx\/index.php\/wp-json\/wp\/v2\/types\/post"}],"author":[{"embeddable":true,"href":"https:\/\/lahora.mx\/index.php\/wp-json\/wp\/v2\/users\/1"}],"replies":[{"embeddable":true,"href":"https:\/\/lahora.mx\/index.php\/wp-json\/wp\/v2\/comments?post=78947"}],"version-history":[{"count":1,"href":"https:\/\/lahora.mx\/index.php\/wp-json\/wp\/v2\/posts\/78947\/revisions"}],"predecessor-version":[{"id":78949,"href":"https:\/\/lahora.mx\/index.php\/wp-json\/wp\/v2\/posts\/78947\/revisions\/78949"}],"wp:featuredmedia":[{"embeddable":true,"href":"https:\/\/lahora.mx\/index.php\/wp-json\/wp\/v2\/media\/78948"}],"wp:attachment":[{"href":"https:\/\/lahora.mx\/index.php\/wp-json\/wp\/v2\/media?parent=78947"}],"wp:term":[{"taxonomy":"category","embeddable":true,"href":"https:\/\/lahora.mx\/index.php\/wp-json\/wp\/v2\/categories?post=78947"},{"taxonomy":"post_tag","embeddable":true,"href":"https:\/\/lahora.mx\/index.php\/wp-json\/wp\/v2\/tags?post=78947"}],"curies":[{"name":"wp","href":"https:\/\/api.w.org\/{rel}","templated":true}]}}