{"id":78943,"date":"2026-03-15T02:23:35","date_gmt":"2026-03-15T02:23:35","guid":{"rendered":"https:\/\/lahora.mx\/?p=78943"},"modified":"2026-03-15T02:23:36","modified_gmt":"2026-03-15T02:23:36","slug":"muere-hijo-del-ceo-de-bbva-mexico-en-accidente-en-la-toluca-valle-de-bravo","status":"publish","type":"post","link":"https:\/\/lahora.mx\/index.php\/2026\/03\/15\/muere-hijo-del-ceo-de-bbva-mexico-en-accidente-en-la-toluca-valle-de-bravo\/","title":{"rendered":"Muere hijo del CEO de BBVA M\u00e9xico en accidente en la Toluca-Valle de Bravo"},"content":{"rendered":"\n<p>Un accidente vehicular registrado en la carretera de cuota Toluca\u2013Valle de Bravo dej\u00f3 como saldo tres personas fallecidas y dos adolescentes lesionados. Entre las v\u00edctimas se encuentra Diego Osuna Miranda, hijo de Eduardo Osuna, director general de BBVA M\u00e9xico.<\/p>\n\n\n\n<p>De acuerdo con los primeros reportes, el accidente ocurri\u00f3 a la altura del kil\u00f3metro 44 de la v\u00eda, en el municipio de Amanalco. En ese punto, una camioneta tipo Suburban en la que viajaban cinco j\u00f3venes se impact\u00f3 de frente contra una unidad federal.<br>Autoridades y servicios de emergencia acudieron al lugar tras recibir el reporte del choque. En el sitio se confirm\u00f3 el fallecimiento de tres de los ocupantes del veh\u00edculo, mientras que dos menores de 17 a\u00f1os resultaron lesionados y fueron trasladados a un hospital para recibir atenci\u00f3n m\u00e9dica. Hasta el momento, no se han dado a conocer detalles adicionales sobre su estado de salud.<\/p>\n\n\n\n<p>Las circunstancias exactas del accidente contin\u00faan bajo investigaci\u00f3n por parte de las autoridades correspondientes, quienes buscan determinar c\u00f3mo ocurri\u00f3 el impacto entre ambos veh\u00edculos en esta carretera que conecta el valle de Toluca con la zona tur\u00edstica de Valle de Bravo.<\/p>\n\n\n\n<p>El fallecimiento de Diego Osuna Miranda gener\u00f3 diversas reacciones en el \u00e1mbito pol\u00edtico y empresarial. El secretario de Econom\u00eda, Marcelo Ebrard, expres\u00f3 sus condolencias a trav\u00e9s de redes sociales y envi\u00f3 un mensaje de apoyo a la familia de Eduardo Osuna.<\/p>\n\n\n\n<p>Tambi\u00e9n el Consejo Coordinador Empresarial se pronunci\u00f3 p\u00fablicamente tras conocerse la noticia. Mediante un mensaje difundido en la red social X, el organismo empresarial manifest\u00f3 su solidaridad con la familia y amigos de la v\u00edctima.<\/p>\n\n\n\n<p>Hasta ahora, autoridades no han informado si el conductor de la unidad federal involucrada result\u00f3 lesionado ni las condiciones en que se encontraba el veh\u00edculo al momento del accidente. Se espera que en las pr\u00f3ximas horas se den a conocer m\u00e1s detalles sobre el caso conforme avancen las investigaciones.<\/p>\n","protected":false},"excerpt":{"rendered":"<p>Un accidente vehicular registrado en la carretera de cuota Toluca\u2013Valle de Bravo dej\u00f3 como saldo tres personas fallecidas y dos adolescentes lesionados. Entre las v\u00edctimas se encuentra Diego Osuna Miranda, hijo de Eduardo Osuna, director general de BBVA M\u00e9xico. De acuerdo con los primeros reportes, el accidente ocurri\u00f3 a la altura del kil\u00f3metro 44 de [&hellip;]<\/p>\n","protected":false},"author":1,"featured_media":78944,"comment_status":"open","ping_status":"open","sticky":false,"template":"","format":"standard","meta":{"om_disable_all_campaigns":false,"_monsterinsights_skip_tracking":false,"_monsterinsights_sitenote_active":false,"_monsterinsights_sitenote_note":"","_monsterinsights_sitenote_category":0,"footnotes":""},"categories":[176],"tags":[195,223],"class_list":["post-78943","post","type-post","status-publish","format-standard","has-post-thumbnail","hentry","category-nacional","tag-principal","tag-puebla"],"amp_enabled":true,"_links":{"self":[{"href":"https:\/\/lahora.mx\/index.php\/wp-json\/wp\/v2\/posts\/78943","targetHints":{"allow":["GET"]}}],"collection":[{"href":"https:\/\/lahora.mx\/index.php\/wp-json\/wp\/v2\/posts"}],"about":[{"href":"https:\/\/lahora.mx\/index.php\/wp-json\/wp\/v2\/types\/post"}],"author":[{"embeddable":true,"href":"https:\/\/lahora.mx\/index.php\/wp-json\/wp\/v2\/users\/1"}],"replies":[{"embeddable":true,"href":"https:\/\/lahora.mx\/index.php\/wp-json\/wp\/v2\/comments?post=78943"}],"version-history":[{"count":1,"href":"https:\/\/lahora.mx\/index.php\/wp-json\/wp\/v2\/posts\/78943\/revisions"}],"predecessor-version":[{"id":78945,"href":"https:\/\/lahora.mx\/index.php\/wp-json\/wp\/v2\/posts\/78943\/revisions\/78945"}],"wp:featuredmedia":[{"embeddable":true,"href":"https:\/\/lahora.mx\/index.php\/wp-json\/wp\/v2\/media\/78944"}],"wp:attachment":[{"href":"https:\/\/lahora.mx\/index.php\/wp-json\/wp\/v2\/media?parent=78943"}],"wp:term":[{"taxonomy":"category","embeddable":true,"href":"https:\/\/lahora.mx\/index.php\/wp-json\/wp\/v2\/categories?post=78943"},{"taxonomy":"post_tag","embeddable":true,"href":"https:\/\/lahora.mx\/index.php\/wp-json\/wp\/v2\/tags?post=78943"}],"curies":[{"name":"wp","href":"https:\/\/api.w.org\/{rel}","templated":true}]}}