{"id":78939,"date":"2026-03-15T01:56:20","date_gmt":"2026-03-15T01:56:20","guid":{"rendered":"https:\/\/lahora.mx\/?p=78939"},"modified":"2026-03-15T01:56:21","modified_gmt":"2026-03-15T01:56:21","slug":"realiza-gobierno-de-chedraui-el-torneo-municipal-de-futbol-por-la-inclusion-2026","status":"publish","type":"post","link":"https:\/\/lahora.mx\/index.php\/2026\/03\/15\/realiza-gobierno-de-chedraui-el-torneo-municipal-de-futbol-por-la-inclusion-2026\/","title":{"rendered":"Realiza Gobierno de Chedraui el Torneo Municipal de Futbol por la Inclusi\u00f3n 2026"},"content":{"rendered":"\n<p>Con la participaci\u00f3n de m\u00e1s de 8 equipos, el Gobierno de la Ciudad, encabezado por el alcalde Pepe Chedraui, realiz\u00f3 el Torneo Municipal de Futbol por la Inclusi\u00f3n 2026, una iniciativa que busca fortalecer el deporte incluyente y abrir espacios de participaci\u00f3n para ni\u00f1as, ni\u00f1os y j\u00f3venes con S\u00edndrome de Down.<\/p>\n\n\n\n<p>En el marco del D\u00eda Mundial del Sindrome de Down el torneo organizado por el Instituto Municipal del Deporte de Puebla, dirigido por Ricardo Zayas Gallardo, y reuni\u00f3 a equipos locales as\u00ed como delegaciones provenientes del estado de Tabasco, quienes participaron en una jornada deportiva marcada por la sana competencia.<br>El objetivo del torneo fue seguir impulsando el deporte inclusivo en la capital poblana, generando oportunidades para que las y los participantes puedan desarrollarse en un ambiente de respeto y compa\u00f1erismo.<\/p>\n\n\n\n<p>Al respecto, el director del Instituto Municipal del Deporte de Puebla, Ricardo Zayas Gallardo, destac\u00f3 la labor de las escuelas de iniciaci\u00f3n con el equipo Guerreros de la Franja y del Profesor Rafael Garz\u00f3n que es quien a impulsado esta iniciativa deportiva inclusiva.<\/p>\n\n\n\n<p>\u201cA nombre del alcalde, Pepe Chedraui les damos la bienvenida a los equipos de Tabasco, Tehuac\u00e1n y de Puebla, como saben nosotros estamos desarrollado una pol\u00edtica deportiva inclusiva, ese es nuestro objetivo, que existan espacios, competencia y desarrollo para todas y todos.\u201d, se\u00f1al\u00f3.<\/p>\n\n\n\n<p>Asimismo, en representaci\u00f3n de la se\u00f1ora MariElise Budib, Presidenta del Patronato del Sistema DIF, Migner Huerta, director de Salud Integral, indic\u00f3 que el significado de este torneo, adem\u00e1s del valor por traer equipos de otros estados.<\/p>\n\n\n\n<p>\u201cA los participantes decirles que ustedes son un ejemplo de determinaci\u00f3n, disciplina, les deseamos que este sea un gran torneo de mucho compa\u00f1erismo, convivencia y principalmente se la pasen muy bien\u201d, puntualiz\u00f3.<\/p>\n\n\n\n<p>Los encuentros se llevaron a cabo en el Deportivo Gonz\u00e1lez Gatica, donde familias y asistentes acompa\u00f1aron a las y los participantes, generando un ambiente de apoyo y entusiasmo durante cada partido, quedando como campeones Guerreros de la Franja y en segundo lugar Cardenas Tabasco, a los cu\u00e1les se les otorg\u00f3 medalla y trofeo conmemorativo.<\/p>\n","protected":false},"excerpt":{"rendered":"<p>Con la participaci\u00f3n de m\u00e1s de 8 equipos, el Gobierno de la Ciudad, encabezado por el alcalde Pepe Chedraui, realiz\u00f3 el Torneo Municipal de Futbol por la Inclusi\u00f3n 2026, una iniciativa que busca fortalecer el deporte incluyente y abrir espacios de participaci\u00f3n para ni\u00f1as, ni\u00f1os y j\u00f3venes con S\u00edndrome de Down. En el marco del [&hellip;]<\/p>\n","protected":false},"author":1,"featured_media":78940,"comment_status":"open","ping_status":"open","sticky":false,"template":"","format":"standard","meta":{"om_disable_all_campaigns":false,"_monsterinsights_skip_tracking":false,"_monsterinsights_sitenote_active":false,"_monsterinsights_sitenote_note":"","_monsterinsights_sitenote_category":0,"footnotes":""},"categories":[6],"tags":[321,223],"class_list":["post-78939","post","type-post","status-publish","format-standard","has-post-thumbnail","hentry","category-sports","tag-chedraugi","tag-puebla"],"amp_enabled":true,"_links":{"self":[{"href":"https:\/\/lahora.mx\/index.php\/wp-json\/wp\/v2\/posts\/78939","targetHints":{"allow":["GET"]}}],"collection":[{"href":"https:\/\/lahora.mx\/index.php\/wp-json\/wp\/v2\/posts"}],"about":[{"href":"https:\/\/lahora.mx\/index.php\/wp-json\/wp\/v2\/types\/post"}],"author":[{"embeddable":true,"href":"https:\/\/lahora.mx\/index.php\/wp-json\/wp\/v2\/users\/1"}],"replies":[{"embeddable":true,"href":"https:\/\/lahora.mx\/index.php\/wp-json\/wp\/v2\/comments?post=78939"}],"version-history":[{"count":1,"href":"https:\/\/lahora.mx\/index.php\/wp-json\/wp\/v2\/posts\/78939\/revisions"}],"predecessor-version":[{"id":78941,"href":"https:\/\/lahora.mx\/index.php\/wp-json\/wp\/v2\/posts\/78939\/revisions\/78941"}],"wp:featuredmedia":[{"embeddable":true,"href":"https:\/\/lahora.mx\/index.php\/wp-json\/wp\/v2\/media\/78940"}],"wp:attachment":[{"href":"https:\/\/lahora.mx\/index.php\/wp-json\/wp\/v2\/media?parent=78939"}],"wp:term":[{"taxonomy":"category","embeddable":true,"href":"https:\/\/lahora.mx\/index.php\/wp-json\/wp\/v2\/categories?post=78939"},{"taxonomy":"post_tag","embeddable":true,"href":"https:\/\/lahora.mx\/index.php\/wp-json\/wp\/v2\/tags?post=78939"}],"curies":[{"name":"wp","href":"https:\/\/api.w.org\/{rel}","templated":true}]}}