{"id":78922,"date":"2026-03-14T00:19:08","date_gmt":"2026-03-14T00:19:08","guid":{"rendered":"https:\/\/lahora.mx\/?p=78922"},"modified":"2026-03-14T00:19:09","modified_gmt":"2026-03-14T00:19:09","slug":"usep-logro-de-la-cuarta-transformacion-que-impulsa-a-jovenes-y-salud-regional","status":"publish","type":"post","link":"https:\/\/lahora.mx\/index.php\/2026\/03\/14\/usep-logro-de-la-cuarta-transformacion-que-impulsa-a-jovenes-y-salud-regional\/","title":{"rendered":"Usep logro de la cuarta transformaci\u00f3n que impulsa a j\u00f3venes y salud regional"},"content":{"rendered":"\n<p>Al reconocer que la Universidad de la Salud del Estado de Puebla (USEP), naci\u00f3 como un proyecto impulsado por el exgobernador Miguel Barbosa Huerta y la diputada federal, Rosario Orozco Caballero, el gobernador Alejandro Armenta Mier, afirm\u00f3 que con cuatro sedes, la instituci\u00f3n hoy se consolida y cumple el sue\u00f1o de j\u00f3venes m\u00e9dicos y enfermeras.<\/p>\n\n\n\n<p>Se\u00f1al\u00f3 que este proyecto universitario surgi\u00f3 como una apuesta firme para abrir oportunidades a poblanos con vocaci\u00f3n de servicio. \u201cEl exgobernador Luis Miguel Barbosa cre\u00f3 esta universidad. Con \u00e9l lleg\u00f3 la Cuarta Transformaci\u00f3n a Puebla y este sentimiento de justicia, que cumple el sue\u00f1o de las y los j\u00f3venes de convertirse en m\u00e9dicos y enfermeras al servicio de la sociedad\u201d, expres\u00f3 el ejecutivo estatal.<\/p>\n\n\n\n<p>Durante la conmemoraci\u00f3n del sexto aniversario de la USEP, el gobernador Alejandro Armenta Mier, afirm\u00f3 que la instituci\u00f3n se afianza como un pilar en la formaci\u00f3n de profesionales de la salud. Destac\u00f3 que a su llegada al gobierno impuls\u00f3 la ampliaci\u00f3n de la universidad y fortaleci\u00f3 la transformaci\u00f3n que vive Puebla mediante sus sedes en Yaon\u00e1huac, Zoquitl\u00e1n, Tepexi de Rodr\u00edguez e Iz\u00facar de Matamoros. \u00abCada vez que un estudiante termina su carrera, egresa un \u00e1ngel que protege la vida de las y los poblanos, porque de ustedes depende la esperanza de vida de muchas personas\u00bb, dijo.<\/p>\n\n\n\n<p>El gobernador Armenta Mier record\u00f3 que tiene un sentimiento muy grande por la enfermer\u00eda y por la medicina, de ah\u00ed que refrend\u00f3 su compromiso de que en Puebla ning\u00fan joven con vocaci\u00f3n quede fuera de la educaci\u00f3n superior. Se\u00f1al\u00f3 que el objetivo es hacer realidad el sue\u00f1o de miles de poblanas y poblanos, como en Yaon\u00e1huac, donde se ampliaron los grupos para atender la creciente demanda.<\/p>\n\n\n\n<p>Anunci\u00f3 el fortalecimiento de la seguridad en las calles aleda\u00f1as al campus del Centro Hist\u00f3rico, mediante la instalaci\u00f3n de botones de p\u00e1nico y alarmas vecinales, con el respaldo de la Secretar\u00eda de Seguridad P\u00fablica, encabezada por el vicealmirante Francisco S\u00e1nchez Gonz\u00e1lez.<\/p>\n\n\n\n<p>En este mismo orden de ideas, el rector de la Universidad de la Salud del Estado de Puebla, Jos\u00e9 Manuel Hern\u00e1ndez Ram\u00f3n, puntualiz\u00f3 que con las cuatro nuevas sedes impulsadas por el gobernador Alejandro Armenta Mier, se refrenda la visi\u00f3n de llevar la salud a quien m\u00e1s lo necesita e impulsar a j\u00f3venes interesados en formarse como m\u00e9dicos. El rector detall\u00f3 que la universidad actualmente se consolida como un referente de formaci\u00f3n con vocaci\u00f3n regional, ya que cada estudiante representa una esperanza para miles de familias.<\/p>\n\n\n\n<p>El secretario de Educaci\u00f3n P\u00fablica, Manuel Viveros Narciso, reconoci\u00f3 la visi\u00f3n del gobernador de Puebla, Alejandro Armenta Mier, por ampliar la oferta acad\u00e9mica de la instituci\u00f3n en las cuatro sierras poblanas, con el objetivo de acercar los servicios de salud y la educaci\u00f3n superior a regiones que antes carec\u00edan de estas oportunidades.<\/p>\n\n\n\n<p>La docente Estefan\u00eda Mart\u00edn Zagayo, agradeci\u00f3 el impulso en el \u00e1rea de salud por parte del gobernador y de la presidenta Claudia Sheinbaum. Dijo que al ser originaria de Tetela de Ocampo entiende la importancia de la creaci\u00f3n de cuatro sedes en el interior del estado. \u00abGracias a este respaldo la USEP hoy es grande y cuenta con solidez para brindar estudios a los j\u00f3venes\u00bb, coment\u00f3.<br>Alitzel Hern\u00e1ndez Garc\u00eda, estudiante de cuarto semestre de la licenciatura en M\u00e9dico Cirujano, afirm\u00f3 que la universidad ha crecido y destac\u00f3 que la ampliaci\u00f3n de sedes en el interior del estado representa una gran oportunidad para j\u00f3venes interesados en estudiar medicina. La alumna de la USEP se\u00f1al\u00f3 que se trata de una formaci\u00f3n exigente y de gran nivel acad\u00e9mico.<\/p>\n\n\n\n<p>La m\u00e9dico pasante, Ver\u00f3nica Morales Mena, destac\u00f3 que el nivel de la instituci\u00f3n es altamente exigente y convoc\u00f3 a las y los j\u00f3venes interesados a integrarse a esta casa de estudios para fortalecer su formaci\u00f3n profesional. Finalmente, Abdiel S\u00e1nchez Olvera se\u00f1al\u00f3 que la universidad mantiene un perfil acad\u00e9mico competitivo gracias al equipo docente, responsable de brindar la preparaci\u00f3n y los conocimientos indispensables para el desarrollo profesional.<\/p>\n","protected":false},"excerpt":{"rendered":"<p>Al reconocer que la Universidad de la Salud del Estado de Puebla (USEP), naci\u00f3 como un proyecto impulsado por el exgobernador Miguel Barbosa Huerta y la diputada federal, Rosario Orozco Caballero, el gobernador Alejandro Armenta Mier, afirm\u00f3 que con cuatro sedes, la instituci\u00f3n hoy se consolida y cumple el sue\u00f1o de j\u00f3venes m\u00e9dicos y enfermeras. [&hellip;]<\/p>\n","protected":false},"author":1,"featured_media":78923,"comment_status":"open","ping_status":"open","sticky":false,"template":"","format":"standard","meta":{"om_disable_all_campaigns":false,"_monsterinsights_skip_tracking":false,"_monsterinsights_sitenote_active":false,"_monsterinsights_sitenote_note":"","_monsterinsights_sitenote_category":0,"footnotes":""},"categories":[175,1],"tags":[195,223],"class_list":["post-78922","post","type-post","status-publish","format-standard","has-post-thumbnail","hentry","category-local","category-sin-categoria","tag-principal","tag-puebla"],"amp_enabled":true,"_links":{"self":[{"href":"https:\/\/lahora.mx\/index.php\/wp-json\/wp\/v2\/posts\/78922","targetHints":{"allow":["GET"]}}],"collection":[{"href":"https:\/\/lahora.mx\/index.php\/wp-json\/wp\/v2\/posts"}],"about":[{"href":"https:\/\/lahora.mx\/index.php\/wp-json\/wp\/v2\/types\/post"}],"author":[{"embeddable":true,"href":"https:\/\/lahora.mx\/index.php\/wp-json\/wp\/v2\/users\/1"}],"replies":[{"embeddable":true,"href":"https:\/\/lahora.mx\/index.php\/wp-json\/wp\/v2\/comments?post=78922"}],"version-history":[{"count":1,"href":"https:\/\/lahora.mx\/index.php\/wp-json\/wp\/v2\/posts\/78922\/revisions"}],"predecessor-version":[{"id":78924,"href":"https:\/\/lahora.mx\/index.php\/wp-json\/wp\/v2\/posts\/78922\/revisions\/78924"}],"wp:featuredmedia":[{"embeddable":true,"href":"https:\/\/lahora.mx\/index.php\/wp-json\/wp\/v2\/media\/78923"}],"wp:attachment":[{"href":"https:\/\/lahora.mx\/index.php\/wp-json\/wp\/v2\/media?parent=78922"}],"wp:term":[{"taxonomy":"category","embeddable":true,"href":"https:\/\/lahora.mx\/index.php\/wp-json\/wp\/v2\/categories?post=78922"},{"taxonomy":"post_tag","embeddable":true,"href":"https:\/\/lahora.mx\/index.php\/wp-json\/wp\/v2\/tags?post=78922"}],"curies":[{"name":"wp","href":"https:\/\/api.w.org\/{rel}","templated":true}]}}