{"id":78913,"date":"2026-03-13T19:49:11","date_gmt":"2026-03-13T19:49:11","guid":{"rendered":"https:\/\/lahora.mx\/?p=78913"},"modified":"2026-03-13T19:49:12","modified_gmt":"2026-03-13T19:49:12","slug":"iran-desafia-a-trump-y-asegura-que-nadie-puede-excluirlo-del-mundial-2026","status":"publish","type":"post","link":"https:\/\/lahora.mx\/index.php\/2026\/03\/13\/iran-desafia-a-trump-y-asegura-que-nadie-puede-excluirlo-del-mundial-2026\/","title":{"rendered":"Ir\u00e1n desaf\u00eda a Trump y asegura que nadie puede excluirlo del Mundial 2026"},"content":{"rendered":"\n<p>La selecci\u00f3n de f\u00fatbol de Ir\u00e1n respondi\u00f3 a las declaraciones del presidente de Estados Unidos, Donald Trump, y sostuvo que nadie tiene la facultad de excluirla de la Copa del Mundo de 2026, torneo que ser\u00e1 organizado por Estados Unidos, M\u00e9xico y Canad\u00e1.<\/p>\n\n\n\n<p>La postura del representante iran\u00ed fue difundida a trav\u00e9s de su cuenta oficial de Instagram, donde adem\u00e1s lanz\u00f3 una cr\u00edtica hacia el pa\u00eds anfitri\u00f3n, luego de que Trump pusiera en duda las condiciones de seguridad para que el equipo asi\u00e1tico disputa sus partidos en territorio estadounidense. En esa misma publicaci\u00f3n, el conjunto subray\u00f3 que la autoridad del certamen corresponde a la FIFA y no a un mandatario ni a una naci\u00f3n en particular.<br>Horas antes, Trump hab\u00eda escrito en redes sociales que Ir\u00e1n era bienvenido en el Mundial pese al conflicto b\u00e9lico en curso, aunque agreg\u00f3 que no consideraba apropiada su presencia por cuestiones relacionadas con la seguridad y la integridad de sus jugadores. Sus dichos se sumaron a otras posturas contradictorias expresadas en d\u00edas recientes, ya que la semana pasada afirm\u00f3 que no le importaba si Ir\u00e1n participaba, mientras que el martes asegur\u00f3 en la Casa Blanca al presidente de la FIFA, Gianni Infantino, que el equipo s\u00ed ser\u00eda recibido.<\/p>\n\n\n\n<p>La situaci\u00f3n regional ha generado incertidumbre en torno a la presencia de Ir\u00e1n en la competencia. Esta semana, el ministro de Deportes, Ahmad Donyamali, declar\u00f3 a la televisi\u00f3n estatal que, bajo las circunstancias actuales, no exist\u00edan condiciones para disputar el torneo. Sin embargo, la respuesta publicada por la selecci\u00f3n dej\u00f3 claro que su intenci\u00f3n sigue siendo competir.<\/p>\n\n\n\n<p>En su mensaje, el equipo remarc\u00f3 que la Copa del Mundo es un evento internacional e hist\u00f3rico cuya conducci\u00f3n corresponde exclusivamente a la FIFA. Tambi\u00e9n se\u00f1al\u00f3 que la selecci\u00f3n iran\u00ed no puede ser apartada del certamen y sugiri\u00f3 que, en todo caso, deber\u00eda cuestionarse la capacidad del anfitri\u00f3n que no pueda garantizar la seguridad de las delegaciones participantes.<\/p>\n\n\n\n<p>Ir\u00e1n tiene previstos sus tres compromisos de la fase de grupos en Estados Unidos. Debutar\u00e1 el 15 de junio ante Nueva Zelanda en Inglewood, California; Posteriormente se enfrentar\u00e1 a B\u00e9lgica el 21 de junio, y cerrar\u00e1 esa ronda el 26 de junio contra Egipto en Seattle.<\/p>\n\n\n\n<p>La escuadra iran\u00ed llega al torneo como una de las selecciones m\u00e1s fuertes de Asia. Actualmente ocupa el lugar 20 del ranking de la FIFA y logr\u00f3 su clasificaci\u00f3n para disputar su cuarta Copa del Mundo consecutiva. Como parte de su preparaci\u00f3n, la federaci\u00f3n iran\u00ed eligi\u00f3 como campamento base el Kino Sports Complex, ubicado en Tucson, Arizona.<\/p>\n\n\n\n<p>Antes del arranque del Mundial, directivos del f\u00fatbol iran\u00ed tienen previsto asistir al congreso anual de la FIFA programado para el 30 de abril en Vancouver. No obstante, la federaci\u00f3n no pudo estar presente en las reuniones de orientaci\u00f3n celebradas la semana pasada en Atlanta para las 48 selecciones que tomar\u00e1n parte en la competencia.<\/p>\n","protected":false},"excerpt":{"rendered":"<p>La selecci\u00f3n de f\u00fatbol de Ir\u00e1n respondi\u00f3 a las declaraciones del presidente de Estados Unidos, Donald Trump, y sostuvo que nadie tiene la facultad de excluirla de la Copa del Mundo de 2026, torneo que ser\u00e1 organizado por Estados Unidos, M\u00e9xico y Canad\u00e1. La postura del representante iran\u00ed fue difundida a trav\u00e9s de su cuenta [&hellip;]<\/p>\n","protected":false},"author":1,"featured_media":78914,"comment_status":"open","ping_status":"open","sticky":false,"template":"","format":"standard","meta":{"om_disable_all_campaigns":false,"_monsterinsights_skip_tracking":false,"_monsterinsights_sitenote_active":false,"_monsterinsights_sitenote_note":"","_monsterinsights_sitenote_category":0,"footnotes":""},"categories":[183],"tags":[],"class_list":["post-78913","post","type-post","status-publish","format-standard","has-post-thumbnail","hentry","category-internacional"],"amp_enabled":true,"_links":{"self":[{"href":"https:\/\/lahora.mx\/index.php\/wp-json\/wp\/v2\/posts\/78913","targetHints":{"allow":["GET"]}}],"collection":[{"href":"https:\/\/lahora.mx\/index.php\/wp-json\/wp\/v2\/posts"}],"about":[{"href":"https:\/\/lahora.mx\/index.php\/wp-json\/wp\/v2\/types\/post"}],"author":[{"embeddable":true,"href":"https:\/\/lahora.mx\/index.php\/wp-json\/wp\/v2\/users\/1"}],"replies":[{"embeddable":true,"href":"https:\/\/lahora.mx\/index.php\/wp-json\/wp\/v2\/comments?post=78913"}],"version-history":[{"count":1,"href":"https:\/\/lahora.mx\/index.php\/wp-json\/wp\/v2\/posts\/78913\/revisions"}],"predecessor-version":[{"id":78915,"href":"https:\/\/lahora.mx\/index.php\/wp-json\/wp\/v2\/posts\/78913\/revisions\/78915"}],"wp:featuredmedia":[{"embeddable":true,"href":"https:\/\/lahora.mx\/index.php\/wp-json\/wp\/v2\/media\/78914"}],"wp:attachment":[{"href":"https:\/\/lahora.mx\/index.php\/wp-json\/wp\/v2\/media?parent=78913"}],"wp:term":[{"taxonomy":"category","embeddable":true,"href":"https:\/\/lahora.mx\/index.php\/wp-json\/wp\/v2\/categories?post=78913"},{"taxonomy":"post_tag","embeddable":true,"href":"https:\/\/lahora.mx\/index.php\/wp-json\/wp\/v2\/tags?post=78913"}],"curies":[{"name":"wp","href":"https:\/\/api.w.org\/{rel}","templated":true}]}}