{"id":78904,"date":"2026-03-13T19:35:40","date_gmt":"2026-03-13T19:35:40","guid":{"rendered":"https:\/\/lahora.mx\/?p=78904"},"modified":"2026-03-13T19:35:41","modified_gmt":"2026-03-13T19:35:41","slug":"congreso-analizara-permanencia-de-secretario-general-ante-solicitud-de-remocion","status":"publish","type":"post","link":"https:\/\/lahora.mx\/index.php\/2026\/03\/13\/congreso-analizara-permanencia-de-secretario-general-ante-solicitud-de-remocion\/","title":{"rendered":"Congreso analizar\u00e1 permanencia de secretario general ante solicitud de remoci\u00f3n"},"content":{"rendered":"\n<p>El presidente del Congreso del Estado, P\u00e1vel Gaspar, inform\u00f3 que la solicitud de renuncia del secretario general, Leopoldo de Lara, presentada por la bancada del Partido Acci\u00f3n Nacional (PAN), ser\u00e1 procesada conforme a la v\u00eda legal y depender\u00e1 de la decisi\u00f3n de las mayor\u00edas en el Legislativo.<\/p>\n\n\n\n<p>Tras los se\u00f1alamientos del bloque opositor sobre presuntas omisiones en el desempe\u00f1o del secretario, manifest\u00f3 su respaldo a la trayectoria de De Lara, a quien describi\u00f3 como un perfil con experiencia en el \u00e1mbito acad\u00e9mico y legislativo.<br>\u00abSomos un colectivo y es decisi\u00f3n de la mayor\u00eda de los diputados. Yo estoy atento a lo que las mayor\u00edas determinen; no es un tema unilateral\u00bb, declar\u00f3 el legislador.<\/p>\n\n\n\n<p>El presidente de la Junta de Gobierno y Coordinaci\u00f3n Pol\u00edtica precis\u00f3 que, hasta el momento, la petici\u00f3n formal ha sido impulsada por la diputada Susana Riestra.<\/p>\n\n\n\n<p>Asegur\u00f3 que se le dar\u00e1 el tr\u00e1mite correspondiente a esta y cualquier otra solicitud que se presente bajo los marcos legales.<\/p>\n\n\n\n<p>Finalmente, Gaspar reiter\u00f3 que la permanencia de los cuadros directivos en la Secretar\u00eda General est\u00e1 sujeta al consenso del pleno y al an\u00e1lisis de los resultados institucionales, sin descartar una evaluaci\u00f3n si el n\u00famero de legisladores a favor de la remoci\u00f3n aumenta.<\/p>\n","protected":false},"excerpt":{"rendered":"<p>El presidente del Congreso del Estado, P\u00e1vel Gaspar, inform\u00f3 que la solicitud de renuncia del secretario general, Leopoldo de Lara, presentada por la bancada del Partido Acci\u00f3n Nacional (PAN), ser\u00e1 procesada conforme a la v\u00eda legal y depender\u00e1 de la decisi\u00f3n de las mayor\u00edas en el Legislativo. Tras los se\u00f1alamientos del bloque opositor sobre presuntas [&hellip;]<\/p>\n","protected":false},"author":1,"featured_media":78905,"comment_status":"open","ping_status":"open","sticky":false,"template":"","format":"standard","meta":{"om_disable_all_campaigns":false,"_monsterinsights_skip_tracking":false,"_monsterinsights_sitenote_active":false,"_monsterinsights_sitenote_note":"","_monsterinsights_sitenote_category":0,"footnotes":""},"categories":[175],"tags":[227,195,223],"class_list":["post-78904","post","type-post","status-publish","format-standard","has-post-thumbnail","hentry","category-local","tag-congreso","tag-principal","tag-puebla"],"amp_enabled":true,"_links":{"self":[{"href":"https:\/\/lahora.mx\/index.php\/wp-json\/wp\/v2\/posts\/78904","targetHints":{"allow":["GET"]}}],"collection":[{"href":"https:\/\/lahora.mx\/index.php\/wp-json\/wp\/v2\/posts"}],"about":[{"href":"https:\/\/lahora.mx\/index.php\/wp-json\/wp\/v2\/types\/post"}],"author":[{"embeddable":true,"href":"https:\/\/lahora.mx\/index.php\/wp-json\/wp\/v2\/users\/1"}],"replies":[{"embeddable":true,"href":"https:\/\/lahora.mx\/index.php\/wp-json\/wp\/v2\/comments?post=78904"}],"version-history":[{"count":1,"href":"https:\/\/lahora.mx\/index.php\/wp-json\/wp\/v2\/posts\/78904\/revisions"}],"predecessor-version":[{"id":78906,"href":"https:\/\/lahora.mx\/index.php\/wp-json\/wp\/v2\/posts\/78904\/revisions\/78906"}],"wp:featuredmedia":[{"embeddable":true,"href":"https:\/\/lahora.mx\/index.php\/wp-json\/wp\/v2\/media\/78905"}],"wp:attachment":[{"href":"https:\/\/lahora.mx\/index.php\/wp-json\/wp\/v2\/media?parent=78904"}],"wp:term":[{"taxonomy":"category","embeddable":true,"href":"https:\/\/lahora.mx\/index.php\/wp-json\/wp\/v2\/categories?post=78904"},{"taxonomy":"post_tag","embeddable":true,"href":"https:\/\/lahora.mx\/index.php\/wp-json\/wp\/v2\/tags?post=78904"}],"curies":[{"name":"wp","href":"https:\/\/api.w.org\/{rel}","templated":true}]}}