{"id":78901,"date":"2026-03-13T19:24:59","date_gmt":"2026-03-13T19:24:59","guid":{"rendered":"https:\/\/lahora.mx\/?p=78901"},"modified":"2026-03-13T19:25:00","modified_gmt":"2026-03-13T19:25:00","slug":"amenazo-a-su-victima-con-un-ak-47-es-detenido-abusador-sexual-en-texcoco","status":"publish","type":"post","link":"https:\/\/lahora.mx\/index.php\/2026\/03\/13\/amenazo-a-su-victima-con-un-ak-47-es-detenido-abusador-sexual-en-texcoco\/","title":{"rendered":"Amenaz\u00f3 a su v\u00edctima con un AK-47, es detenido abusador sexual en Texcoco"},"content":{"rendered":"\n<p>Autoridades del Estado de M\u00e9xico (Edomex) detuvieron a un sujeto que abus\u00f3 sexualmente de una mujer y portaba un fusil AK-47.<\/p>\n\n\n\n<p>Es as\u00ed que elementos de la Secretar\u00eda de Seguridad del Estado de M\u00e9xico (SSEM), y de la Polic\u00eda local detuvieron a un hombre que portaba un arma de grueso calibre y quien al parecer ingres\u00f3 a una vivienda y abus\u00f3 sexualmente de una mujer.<br>Cuando los elementos de ambas corporaciones llevaban a cabo acciones inherentes a disminuir la incidencia delictiva como parte del Mando Unificado Zona Oriente, fueron abordados por una ciudadana sobre calles de la colonia Valle de Santa Cruz, misma que indic\u00f3 que logr\u00f3 escapar de un sujeto que ingres\u00f3 a su domicilio y atent\u00f3 contra su integridad.<\/p>\n\n\n\n<p>Con las medidas de seguridad implementadas y con la autorizaci\u00f3n de la propietaria del lugar, los uniformados ingresaron a la vivienda donde observaron a Jos\u00e9 \u00abN\u00bb, de 34 a\u00f1os de edad, quien ten\u00eda en su poder un arma de fuego calibre 7.62 mil\u00edmetros de color dorado con cargador desabastecido; por lo que, con los comandos verbales, el sujeto entreg\u00f3 los indicios, los cuales fueron asegurados.<\/p>\n\n\n\n<p>A petici\u00f3n de la parte afectada y luego de hacerle saber los derechos que la ley confiere a su favor, fue detenido y trasladado ante la instancia correspondiente, para deslindar responsabilidades.<\/p>\n","protected":false},"excerpt":{"rendered":"<p>Autoridades del Estado de M\u00e9xico (Edomex) detuvieron a un sujeto que abus\u00f3 sexualmente de una mujer y portaba un fusil AK-47. Es as\u00ed que elementos de la Secretar\u00eda de Seguridad del Estado de M\u00e9xico (SSEM), y de la Polic\u00eda local detuvieron a un hombre que portaba un arma de grueso calibre y quien al parecer [&hellip;]<\/p>\n","protected":false},"author":1,"featured_media":78902,"comment_status":"open","ping_status":"open","sticky":false,"template":"","format":"standard","meta":{"om_disable_all_campaigns":false,"_monsterinsights_skip_tracking":false,"_monsterinsights_sitenote_active":false,"_monsterinsights_sitenote_note":"","_monsterinsights_sitenote_category":0,"footnotes":""},"categories":[175,226],"tags":[223],"class_list":["post-78901","post","type-post","status-publish","format-standard","has-post-thumbnail","hentry","category-local","category-policia","tag-puebla"],"amp_enabled":true,"_links":{"self":[{"href":"https:\/\/lahora.mx\/index.php\/wp-json\/wp\/v2\/posts\/78901","targetHints":{"allow":["GET"]}}],"collection":[{"href":"https:\/\/lahora.mx\/index.php\/wp-json\/wp\/v2\/posts"}],"about":[{"href":"https:\/\/lahora.mx\/index.php\/wp-json\/wp\/v2\/types\/post"}],"author":[{"embeddable":true,"href":"https:\/\/lahora.mx\/index.php\/wp-json\/wp\/v2\/users\/1"}],"replies":[{"embeddable":true,"href":"https:\/\/lahora.mx\/index.php\/wp-json\/wp\/v2\/comments?post=78901"}],"version-history":[{"count":1,"href":"https:\/\/lahora.mx\/index.php\/wp-json\/wp\/v2\/posts\/78901\/revisions"}],"predecessor-version":[{"id":78903,"href":"https:\/\/lahora.mx\/index.php\/wp-json\/wp\/v2\/posts\/78901\/revisions\/78903"}],"wp:featuredmedia":[{"embeddable":true,"href":"https:\/\/lahora.mx\/index.php\/wp-json\/wp\/v2\/media\/78902"}],"wp:attachment":[{"href":"https:\/\/lahora.mx\/index.php\/wp-json\/wp\/v2\/media?parent=78901"}],"wp:term":[{"taxonomy":"category","embeddable":true,"href":"https:\/\/lahora.mx\/index.php\/wp-json\/wp\/v2\/categories?post=78901"},{"taxonomy":"post_tag","embeddable":true,"href":"https:\/\/lahora.mx\/index.php\/wp-json\/wp\/v2\/tags?post=78901"}],"curies":[{"name":"wp","href":"https:\/\/api.w.org\/{rel}","templated":true}]}}