{"id":78898,"date":"2026-03-13T18:54:19","date_gmt":"2026-03-13T18:54:19","guid":{"rendered":"https:\/\/lahora.mx\/?p=78898"},"modified":"2026-03-13T18:54:20","modified_gmt":"2026-03-13T18:54:20","slug":"imss-limitara-servicios-el-16-de-marzo","status":"publish","type":"post","link":"https:\/\/lahora.mx\/index.php\/2026\/03\/13\/imss-limitara-servicios-el-16-de-marzo\/","title":{"rendered":"IMSS limitar\u00e1 servicios el 16 de marzo:"},"content":{"rendered":"\n<p>El Instituto Mexicano del Seguro Social (IMSS) inform\u00f3 que el pr\u00f3ximo lunes 16 de marzo sus unidades m\u00e9dicas y administrativas operar\u00e1n bajo esquema de guardia, manteniendo en funciones exclusivamente los servicios de Urgencias y Hospitalizaci\u00f3n.<\/p>\n\n\n\n<p>Esta medida responde al cumplimiento del calendario oficial de d\u00edas feriados en M\u00e9xico, derivado de la conmemoraci\u00f3n del Natalicio de Benito Ju\u00e1rez (21 de marzo), fecha que, conforme a la Ley Federal del Trabajo, se traslada al tercer lunes del mes para establecer un periodo de descanso obligatorio.<br>Durante la jornada del lunes, no habr\u00e1 actividades en las siguientes \u00e1reas:<\/p>\n\n\n\n<p>Consulta externa en Unidades de Medicina Familiar (UMF) y hospitales de especialidades.<br>Guarder\u00edas del sistema ordinario.<br>Oficinas administrativas y subdelegaciones.<br>Centros de Seguridad Social.<br>Para garantizar la atenci\u00f3n de la derechohabiencia, el instituto mantendr\u00e1 personal m\u00e9dico y de enfermer\u00eda en los servicios de Atenci\u00f3n M\u00e9dica Continua y Urgencias las 24 horas del d\u00eda.<\/p>\n\n\n\n<p>Los pacientes que se encuentran actualmente internados en las \u00e1reas de hospitalizaci\u00f3n continuar\u00e1n recibiendo cuidados y tratamiento de manera ininterrumpida.<\/p>\n\n\n\n<p>Las actividades en todas las cl\u00ednicas, oficinas y servicios educativos del IMSS se reanudar\u00e1n de manera habitual el martes 17 de marzo en sus horarios establecidos.<\/p>\n\n\n\n<p>Como siempre, estoy aqu\u00ed para ajustar lo que necesites.<\/p>\n","protected":false},"excerpt":{"rendered":"<p>El Instituto Mexicano del Seguro Social (IMSS) inform\u00f3 que el pr\u00f3ximo lunes 16 de marzo sus unidades m\u00e9dicas y administrativas operar\u00e1n bajo esquema de guardia, manteniendo en funciones exclusivamente los servicios de Urgencias y Hospitalizaci\u00f3n. Esta medida responde al cumplimiento del calendario oficial de d\u00edas feriados en M\u00e9xico, derivado de la conmemoraci\u00f3n del Natalicio de [&hellip;]<\/p>\n","protected":false},"author":1,"featured_media":78899,"comment_status":"open","ping_status":"open","sticky":false,"template":"","format":"standard","meta":{"om_disable_all_campaigns":false,"_monsterinsights_skip_tracking":false,"_monsterinsights_sitenote_active":false,"_monsterinsights_sitenote_note":"","_monsterinsights_sitenote_category":0,"footnotes":""},"categories":[175,252],"tags":[195,223],"class_list":["post-78898","post","type-post","status-publish","format-standard","has-post-thumbnail","hentry","category-local","category-salud","tag-principal","tag-puebla"],"amp_enabled":true,"_links":{"self":[{"href":"https:\/\/lahora.mx\/index.php\/wp-json\/wp\/v2\/posts\/78898","targetHints":{"allow":["GET"]}}],"collection":[{"href":"https:\/\/lahora.mx\/index.php\/wp-json\/wp\/v2\/posts"}],"about":[{"href":"https:\/\/lahora.mx\/index.php\/wp-json\/wp\/v2\/types\/post"}],"author":[{"embeddable":true,"href":"https:\/\/lahora.mx\/index.php\/wp-json\/wp\/v2\/users\/1"}],"replies":[{"embeddable":true,"href":"https:\/\/lahora.mx\/index.php\/wp-json\/wp\/v2\/comments?post=78898"}],"version-history":[{"count":1,"href":"https:\/\/lahora.mx\/index.php\/wp-json\/wp\/v2\/posts\/78898\/revisions"}],"predecessor-version":[{"id":78900,"href":"https:\/\/lahora.mx\/index.php\/wp-json\/wp\/v2\/posts\/78898\/revisions\/78900"}],"wp:featuredmedia":[{"embeddable":true,"href":"https:\/\/lahora.mx\/index.php\/wp-json\/wp\/v2\/media\/78899"}],"wp:attachment":[{"href":"https:\/\/lahora.mx\/index.php\/wp-json\/wp\/v2\/media?parent=78898"}],"wp:term":[{"taxonomy":"category","embeddable":true,"href":"https:\/\/lahora.mx\/index.php\/wp-json\/wp\/v2\/categories?post=78898"},{"taxonomy":"post_tag","embeddable":true,"href":"https:\/\/lahora.mx\/index.php\/wp-json\/wp\/v2\/tags?post=78898"}],"curies":[{"name":"wp","href":"https:\/\/api.w.org\/{rel}","templated":true}]}}