{"id":78887,"date":"2026-03-13T16:32:01","date_gmt":"2026-03-13T16:32:01","guid":{"rendered":"https:\/\/lahora.mx\/?p=78887"},"modified":"2026-03-13T16:32:02","modified_gmt":"2026-03-13T16:32:02","slug":"sergio-mayer-vs-morena-alistan-audiencia-para-discutir-su-expulsion","status":"publish","type":"post","link":"https:\/\/lahora.mx\/index.php\/2026\/03\/13\/sergio-mayer-vs-morena-alistan-audiencia-para-discutir-su-expulsion\/","title":{"rendered":"Sergio Mayer vs Morena: alistan audiencia para discutir su expulsi\u00f3n"},"content":{"rendered":"\n<p>La continuidad del diputado federal plurinominal con licencia temporal, Sergio Mayer Bret\u00f3n, en Morena, ser\u00e1 discutida en audiencia, debido a que el permiso que solicit\u00f3 para participar en La Casa de los Famosos podr\u00eda calificarse como contraria a los intereses del partido.<\/p>\n\n\n\n<p>Dicha audiencia de Morena contra Sergio Mayer se program\u00f3 para el pr\u00f3ximo martes 17 de marzo en la sede nacional del partido ubicada en la Ciudad de M\u00e9xico (CDMX).<\/p>\n\n\n\n<p>Se trata del proceso CNHJ-CM-068\/2026 que abri\u00f3 la Comisi\u00f3n Nacional de Honestidad y Justicia (CNHJ) del partido oficialista, misma que indic\u00f3 la decisi\u00f3n del ex cantante de Garibaldi afect\u00f3 la imagen y credibilidad del instituto pol\u00edtico.<\/p>\n\n\n\n<p>El citatorio contra Sergio Mayer se entreg\u00f3 el 25 de febrero, pero a su curul en la C\u00e1mara de Diputados ya que en esas fechas a\u00fan se encontraba participando en La Casa de los Famosos, de la que sali\u00f3 expulsado el 9 de marzo.<\/p>\n\n\n\n<p>Desde entonces se qued\u00f3 provisionalmente sin derechos pol\u00edticos dentro de Morena: la sanci\u00f3n \u2014que puede durar de seis meses o hasta tres a\u00f1os\u2014 lo deja sin chance de participar en procesos internos del partido, hasta que se resuelva su situaci\u00f3n.<\/p>\n\n\n\n<p>Sergio Mayer minimiza y acusa peores actos de compa\u00f1eros de Morena<br>Tras darse a conocer la situaci\u00f3n de Sergio Mayer, el mismo pol\u00edtico minimiz\u00f3 su audiencia y se\u00f1al\u00f3 que al interior de Morena hay acusaciones peores las cuales pasan inadvertidas por la Comisi\u00f3n Nacional de Honestidad y Justicia del partido guinda.<\/p>\n\n\n\n<p>Critic\u00f3 a la Comisi\u00f3n por darle tanta importancia a un tema que \u00e9l considera menor, cuando \u201chay presuntos casos de nepotismo, violencia pol\u00edtica, agresores sexuales, uso de recursos p\u00fablicos, peculado, y much\u00edsimas otras cosas\u201d al interior de Morena.<\/p>\n\n\n\n<p><\/p>\n\n\n\n<p>Se\u00f1al\u00f3 que el lunes 16 de marzo regresar\u00e1 a su curul en la C\u00e1mara de Diputados, aunque la presidenta del partido, Luisa Mar\u00eda Alcalde, indic\u00f3 que no podr\u00e1 reincorporarse al grupo parlamentario oficialista.<\/p>\n\n\n\n<p>Con informaci\u00f3n de Milenio, Infobae<\/p>\n","protected":false},"excerpt":{"rendered":"<p>La continuidad del diputado federal plurinominal con licencia temporal, Sergio Mayer Bret\u00f3n, en Morena, ser\u00e1 discutida en audiencia, debido a que el permiso que solicit\u00f3 para participar en La Casa de los Famosos podr\u00eda calificarse como contraria a los intereses del partido. Dicha audiencia de Morena contra Sergio Mayer se program\u00f3 para el pr\u00f3ximo martes [&hellip;]<\/p>\n","protected":false},"author":1,"featured_media":78888,"comment_status":"open","ping_status":"open","sticky":false,"template":"","format":"standard","meta":{"om_disable_all_campaigns":false,"_monsterinsights_skip_tracking":false,"_monsterinsights_sitenote_active":false,"_monsterinsights_sitenote_note":"","_monsterinsights_sitenote_category":0,"footnotes":""},"categories":[5],"tags":[],"class_list":["post-78887","post","type-post","status-publish","format-standard","has-post-thumbnail","hentry","category-politica"],"amp_enabled":true,"_links":{"self":[{"href":"https:\/\/lahora.mx\/index.php\/wp-json\/wp\/v2\/posts\/78887","targetHints":{"allow":["GET"]}}],"collection":[{"href":"https:\/\/lahora.mx\/index.php\/wp-json\/wp\/v2\/posts"}],"about":[{"href":"https:\/\/lahora.mx\/index.php\/wp-json\/wp\/v2\/types\/post"}],"author":[{"embeddable":true,"href":"https:\/\/lahora.mx\/index.php\/wp-json\/wp\/v2\/users\/1"}],"replies":[{"embeddable":true,"href":"https:\/\/lahora.mx\/index.php\/wp-json\/wp\/v2\/comments?post=78887"}],"version-history":[{"count":1,"href":"https:\/\/lahora.mx\/index.php\/wp-json\/wp\/v2\/posts\/78887\/revisions"}],"predecessor-version":[{"id":78889,"href":"https:\/\/lahora.mx\/index.php\/wp-json\/wp\/v2\/posts\/78887\/revisions\/78889"}],"wp:featuredmedia":[{"embeddable":true,"href":"https:\/\/lahora.mx\/index.php\/wp-json\/wp\/v2\/media\/78888"}],"wp:attachment":[{"href":"https:\/\/lahora.mx\/index.php\/wp-json\/wp\/v2\/media?parent=78887"}],"wp:term":[{"taxonomy":"category","embeddable":true,"href":"https:\/\/lahora.mx\/index.php\/wp-json\/wp\/v2\/categories?post=78887"},{"taxonomy":"post_tag","embeddable":true,"href":"https:\/\/lahora.mx\/index.php\/wp-json\/wp\/v2\/tags?post=78887"}],"curies":[{"name":"wp","href":"https:\/\/api.w.org\/{rel}","templated":true}]}}