{"id":78884,"date":"2026-03-13T16:03:19","date_gmt":"2026-03-13T16:03:19","guid":{"rendered":"https:\/\/lahora.mx\/?p=78884"},"modified":"2026-03-13T16:03:20","modified_gmt":"2026-03-13T16:03:20","slug":"renuncia-secretario-de-seguridad-de-sinaloa-por-motivos-personales","status":"publish","type":"post","link":"https:\/\/lahora.mx\/index.php\/2026\/03\/13\/renuncia-secretario-de-seguridad-de-sinaloa-por-motivos-personales\/","title":{"rendered":"Renuncia secretario de seguridad de Sinaloa, por motivos personales"},"content":{"rendered":"\n<p>El general de brigada, \u00d3scar Renter\u00eda Schazarino, renunci\u00f3 a la Secretar\u00eda de Seguridad P\u00fablica de Sinaloa, puesto que ocup\u00f3 desde el 21 de diciembre de 2024; se\u00f1alaron motivos personales, no precisados oficialmente.<\/p>\n\n\n\n<p>Con la salida del funcionario, el gobernador Rub\u00e9n Rocha Moya acumula tres titulares distintos al frente de la Secretar\u00eda de Seguridad P\u00fablica en lo que va de su administraci\u00f3n. El nombre del sucesor se anunciar\u00e1 el lunes 16 de marzo.<\/p>\n\n\n\n<p>Versiones extraoficiales apuntan a que \u00d3scar Renter\u00eda Schazarino podr\u00eda retomar funciones dentro de la Secretar\u00eda de la Defensa Nacional.<\/p>\n\n\n\n<p>El militar rindi\u00f3 protesta en una ceremonia en la Novena Zona Militar en Culiac\u00e1n, con la presencia del gobernador Rocha Moya y del secretario de Seguridad federal, Omar Garc\u00eda Harfuch, quien respald\u00f3 el nombramiento.<\/p>\n\n\n\n<p>Lleg\u00f3 al cargo en sustituci\u00f3n del general en retiro Gerardo M\u00e9rida S\u00e1nchez, quien abandon\u00f3 la dependencia tras el estallido del enfrentamiento entre las facciones Los Chapitos y Los Mayitos del C\u00e1rtel de Sinaloa.<\/p>\n\n\n\n<p>Su gesti\u00f3n incluy\u00f3 operativos contra la delincuencia organizada, en los que se desmantelaron laboratorios clandestinos y se decomisaron drogas, armas, veh\u00edculos e inmuebles en distintas zonas del estado.<\/p>\n\n\n\n<p>Antes de asumir la dependencia sinaloense, \u00d3scar Renter\u00eda Schazarino comand\u00f3 la 43 Zona Militar, con sede en Apatzing\u00e1n, Michoac\u00e1n, y previamente la Primera Zona Militar, con base en la Ciudad de M\u00e9xico.<\/p>\n\n\n\n<p>En la ma\u00f1anera de este viernes 13 de marzo, la presidenta Claudia Sheinbaum fue cuestionada sobre la renuncia del secretario de Seguridad de Sinaloa.<\/p>\n\n\n\n<p>En respuesta, la mandataria aclar\u00f3 que no fue por mal desempe\u00f1o.<\/p>\n\n\n\n<p>\u201cEs muy bueno el general Schazarino (\u2026) Sinaloa, pues tiene sus tensiones, no es mal desempe\u00f1o, s\u00f3lo un cambio importante que deb\u00eda darse\u201d, explic\u00f3.<\/p>\n\n\n\n<p>A su vez, Ricardo Trevilla, secretario de la Defensa, remarc\u00f3 su desempe\u00f1o al frente de la dependencia y asegur\u00f3 que se condujo eficazmente en sus tareas al frente de la misma.<\/p>\n\n\n\n<p><\/p>\n","protected":false},"excerpt":{"rendered":"<p>El general de brigada, \u00d3scar Renter\u00eda Schazarino, renunci\u00f3 a la Secretar\u00eda de Seguridad P\u00fablica de Sinaloa, puesto que ocup\u00f3 desde el 21 de diciembre de 2024; se\u00f1alaron motivos personales, no precisados oficialmente. Con la salida del funcionario, el gobernador Rub\u00e9n Rocha Moya acumula tres titulares distintos al frente de la Secretar\u00eda de Seguridad P\u00fablica en [&hellip;]<\/p>\n","protected":false},"author":1,"featured_media":78885,"comment_status":"open","ping_status":"open","sticky":false,"template":"","format":"standard","meta":{"om_disable_all_campaigns":false,"_monsterinsights_skip_tracking":false,"_monsterinsights_sitenote_active":false,"_monsterinsights_sitenote_note":"","_monsterinsights_sitenote_category":0,"footnotes":""},"categories":[176],"tags":[],"class_list":["post-78884","post","type-post","status-publish","format-standard","has-post-thumbnail","hentry","category-nacional"],"amp_enabled":true,"_links":{"self":[{"href":"https:\/\/lahora.mx\/index.php\/wp-json\/wp\/v2\/posts\/78884","targetHints":{"allow":["GET"]}}],"collection":[{"href":"https:\/\/lahora.mx\/index.php\/wp-json\/wp\/v2\/posts"}],"about":[{"href":"https:\/\/lahora.mx\/index.php\/wp-json\/wp\/v2\/types\/post"}],"author":[{"embeddable":true,"href":"https:\/\/lahora.mx\/index.php\/wp-json\/wp\/v2\/users\/1"}],"replies":[{"embeddable":true,"href":"https:\/\/lahora.mx\/index.php\/wp-json\/wp\/v2\/comments?post=78884"}],"version-history":[{"count":1,"href":"https:\/\/lahora.mx\/index.php\/wp-json\/wp\/v2\/posts\/78884\/revisions"}],"predecessor-version":[{"id":78886,"href":"https:\/\/lahora.mx\/index.php\/wp-json\/wp\/v2\/posts\/78884\/revisions\/78886"}],"wp:featuredmedia":[{"embeddable":true,"href":"https:\/\/lahora.mx\/index.php\/wp-json\/wp\/v2\/media\/78885"}],"wp:attachment":[{"href":"https:\/\/lahora.mx\/index.php\/wp-json\/wp\/v2\/media?parent=78884"}],"wp:term":[{"taxonomy":"category","embeddable":true,"href":"https:\/\/lahora.mx\/index.php\/wp-json\/wp\/v2\/categories?post=78884"},{"taxonomy":"post_tag","embeddable":true,"href":"https:\/\/lahora.mx\/index.php\/wp-json\/wp\/v2\/tags?post=78884"}],"curies":[{"name":"wp","href":"https:\/\/api.w.org\/{rel}","templated":true}]}}