{"id":78881,"date":"2026-03-13T15:51:13","date_gmt":"2026-03-13T15:51:13","guid":{"rendered":"https:\/\/lahora.mx\/?p=78881"},"modified":"2026-03-13T15:51:14","modified_gmt":"2026-03-13T15:51:14","slug":"hallan-muerto-al-inspector-de-agua-dulce","status":"publish","type":"post","link":"https:\/\/lahora.mx\/index.php\/2026\/03\/13\/hallan-muerto-al-inspector-de-agua-dulce\/","title":{"rendered":"Hallan muerto al inspector de Agua Dulce"},"content":{"rendered":"\n<p>Nemesio Herrera Guti\u00e9rrez, inspector de la comunidad de Agua Dulce, perteneciente al municipio de Tilapa, fue hallado sin vida.<\/p>\n\n\n\n<p>El l\u00edder comunitario ten\u00eda presuntamente varios impactos de bala en el cuerpo.<\/p>\n\n\n\n<p>Tras tres meses desaparecido, sus familiares informaron que este viernes se llevar\u00e1 a cabo su velorio.<\/p>\n\n\n\n<p>La noticia fue difundida a trav\u00e9s de una esquela que su familia public\u00f3 en redes sociales, lo que result\u00f3 sorpresivo para quienes a\u00fan desconoc\u00edan su paradero.<\/p>\n\n\n\n<p>Sin embargo, la versi\u00f3n de que hab\u00eda sido hallado sin vida circulaba desde hac\u00eda aproximadamente un mes, sin que nadie tuviera certeza al respecto ni sus familiares lo hubieran confirmado p\u00fablicamente.<\/p>\n\n\n\n<p>Herrera Guti\u00e9rrez fue reportado como desaparecido el 21 de diciembre de 2025, ten\u00eda 50 a\u00f1os de edad y se dedicaba a la carpinter\u00eda.<\/p>\n\n\n\n<p>En la fotograf\u00eda difundida en redes sociales se observa que era un hombre de tez morena, complexi\u00f3n robusta, ojos medianos, boca y nariz grandes, y portaba bigote.<\/p>\n\n\n\n<p>Desde el momento de su desaparici\u00f3n trascendi\u00f3 que hab\u00eda acudido a un convivio celebrado en el restaurante Xochitl\u00e1n, ubicado en el municipio de Iz\u00facar de Matamoros.<\/p>\n\n\n\n<p>A partir de entonces se perdi\u00f3 todo contacto con \u00e9l y tambi\u00e9n se desconoc\u00eda el paradero de la camioneta Nissan color blanco en la que se trasladaba.<\/p>\n\n\n\n<p>Familiares, amigos y habitantes de la regi\u00f3n realizaron labores de b\u00fasqueda y difundieron informaci\u00f3n para tratar de localizarlo.<\/p>\n\n\n\n<p>Incluso se realiz\u00f3 una manifestaci\u00f3n encabezada por su hija, quien se\u00f1al\u00f3 que no cesar\u00edan en su b\u00fasqueda hasta encontrarlo.<\/p>\n\n\n\n<p>De acuerdo con la invitaci\u00f3n difundida por la familia, el cuerpo de Nemesio Herrera Guti\u00e9rrez ser\u00e1 recibido este viernes 13 de marzo en su domicilio, ubicado en la calle Josefa Ortiz de Dom\u00ednguez n\u00famero 6, en la comunidad de Agua Dulce, donde vecinos y conocidos podr\u00e1n acudir a darle el \u00faltimo adi\u00f3s.<\/p>\n\n\n\n<p>De manera extraoficial se supo que, de acuerdo con im\u00e1genes captadas por c\u00e1maras de vigilancia, Nemesio hab\u00eda acudido a una zona de tolerancia, donde se le observ\u00f3 en compa\u00f1\u00eda de otros sujetos que no han sido identificados.<\/p>\n","protected":false},"excerpt":{"rendered":"<p>Nemesio Herrera Guti\u00e9rrez, inspector de la comunidad de Agua Dulce, perteneciente al municipio de Tilapa, fue hallado sin vida. El l\u00edder comunitario ten\u00eda presuntamente varios impactos de bala en el cuerpo. Tras tres meses desaparecido, sus familiares informaron que este viernes se llevar\u00e1 a cabo su velorio. La noticia fue difundida a trav\u00e9s de una [&hellip;]<\/p>\n","protected":false},"author":1,"featured_media":78882,"comment_status":"open","ping_status":"open","sticky":false,"template":"","format":"standard","meta":{"om_disable_all_campaigns":false,"_monsterinsights_skip_tracking":false,"_monsterinsights_sitenote_active":false,"_monsterinsights_sitenote_note":"","_monsterinsights_sitenote_category":0,"footnotes":""},"categories":[175],"tags":[195,223],"class_list":["post-78881","post","type-post","status-publish","format-standard","has-post-thumbnail","hentry","category-local","tag-principal","tag-puebla"],"amp_enabled":true,"_links":{"self":[{"href":"https:\/\/lahora.mx\/index.php\/wp-json\/wp\/v2\/posts\/78881","targetHints":{"allow":["GET"]}}],"collection":[{"href":"https:\/\/lahora.mx\/index.php\/wp-json\/wp\/v2\/posts"}],"about":[{"href":"https:\/\/lahora.mx\/index.php\/wp-json\/wp\/v2\/types\/post"}],"author":[{"embeddable":true,"href":"https:\/\/lahora.mx\/index.php\/wp-json\/wp\/v2\/users\/1"}],"replies":[{"embeddable":true,"href":"https:\/\/lahora.mx\/index.php\/wp-json\/wp\/v2\/comments?post=78881"}],"version-history":[{"count":1,"href":"https:\/\/lahora.mx\/index.php\/wp-json\/wp\/v2\/posts\/78881\/revisions"}],"predecessor-version":[{"id":78883,"href":"https:\/\/lahora.mx\/index.php\/wp-json\/wp\/v2\/posts\/78881\/revisions\/78883"}],"wp:featuredmedia":[{"embeddable":true,"href":"https:\/\/lahora.mx\/index.php\/wp-json\/wp\/v2\/media\/78882"}],"wp:attachment":[{"href":"https:\/\/lahora.mx\/index.php\/wp-json\/wp\/v2\/media?parent=78881"}],"wp:term":[{"taxonomy":"category","embeddable":true,"href":"https:\/\/lahora.mx\/index.php\/wp-json\/wp\/v2\/categories?post=78881"},{"taxonomy":"post_tag","embeddable":true,"href":"https:\/\/lahora.mx\/index.php\/wp-json\/wp\/v2\/tags?post=78881"}],"curies":[{"name":"wp","href":"https:\/\/api.w.org\/{rel}","templated":true}]}}