{"id":78872,"date":"2026-03-13T07:20:33","date_gmt":"2026-03-13T07:20:33","guid":{"rendered":"https:\/\/lahora.mx\/?p=78872"},"modified":"2026-03-13T07:20:34","modified_gmt":"2026-03-13T07:20:34","slug":"buap-licita-seguridad-para-sus-instalaciones-aunque-tiene-a-la-dasu","status":"publish","type":"post","link":"https:\/\/lahora.mx\/index.php\/2026\/03\/13\/buap-licita-seguridad-para-sus-instalaciones-aunque-tiene-a-la-dasu\/","title":{"rendered":"BUAP licita seguridad para sus instalaciones, aunque tiene a la DASU"},"content":{"rendered":"\n<p>La Benem\u00e9rita Universidad Aut\u00f3noma de Puebla (BUAP) busca contratar a una empresa de seguridad privada para sus edificios acad\u00e9micos y administrativos, a pesar de que cuenta con la Direcci\u00f3n de Apoyo y Seguridad Universitaria (DASU).<\/p>\n\n\n\n<p>En su p\u00e1gina, la BUAP public\u00f3 la licitaci\u00f3n CAASBUAP\/SE\/LP\/02\/2026 para el \u00abServicio de seguridad institucional para las dependencias universitarias\u00bb.<\/p>\n\n\n\n<p>De acuerdo con la convocatoria, se busca que el servicio se d\u00e9 en las Unidades Acad\u00e9micas y Dependencias Administrativas de la zona metropolitana de la BUAP, adem\u00e1s de en sus \u00e1reas regionales universitarias al interior del estado.<\/p>\n\n\n\n<p>En el documento que se public\u00f3 no se dan m\u00e1s detalles de cu\u00e1nto personal de seguridad privada es el que requiere la BUAP para su resguardo. Tampoco especific\u00f3 el equipamiento con el que deben contar.<\/p>\n\n\n\n<p><\/p>\n\n\n\n<p>Actualmente la seguridad de la BUAP est\u00e1 a cargo de la DASU, la cual cuenta con personal de vigilancia en sus Unidades Acad\u00e9micas y Administrativas de la universidad.<\/p>\n\n\n\n<p>La licitaci\u00f3n de la BUAP se\u00f1ala que la junta de aclaraciones con los interesados se realizar\u00e1 el 19 de marzo y, posteriormente, deber\u00e1n presentar su propuesta legal y t\u00e9cnica el 24 de marzo.<\/p>\n\n\n\n<p>Al d\u00eda siguiente, el 25 de marzo, se evaluar\u00e1n las propuestas y para el d\u00eda 26 de mes se emitir\u00e1 el fallo con la empresa de seguridad privada ganadora.<\/p>\n","protected":false},"excerpt":{"rendered":"<p>La Benem\u00e9rita Universidad Aut\u00f3noma de Puebla (BUAP) busca contratar a una empresa de seguridad privada para sus edificios acad\u00e9micos y administrativos, a pesar de que cuenta con la Direcci\u00f3n de Apoyo y Seguridad Universitaria (DASU). En su p\u00e1gina, la BUAP public\u00f3 la licitaci\u00f3n CAASBUAP\/SE\/LP\/02\/2026 para el \u00abServicio de seguridad institucional para las dependencias universitarias\u00bb. De [&hellip;]<\/p>\n","protected":false},"author":1,"featured_media":78877,"comment_status":"open","ping_status":"open","sticky":false,"template":"","format":"standard","meta":{"om_disable_all_campaigns":false,"_monsterinsights_skip_tracking":false,"_monsterinsights_sitenote_active":false,"_monsterinsights_sitenote_note":"","_monsterinsights_sitenote_category":0,"footnotes":""},"categories":[175],"tags":[186,195,223],"class_list":["post-78872","post","type-post","status-publish","format-standard","has-post-thumbnail","hentry","category-local","tag-buap","tag-principal","tag-puebla"],"amp_enabled":true,"_links":{"self":[{"href":"https:\/\/lahora.mx\/index.php\/wp-json\/wp\/v2\/posts\/78872","targetHints":{"allow":["GET"]}}],"collection":[{"href":"https:\/\/lahora.mx\/index.php\/wp-json\/wp\/v2\/posts"}],"about":[{"href":"https:\/\/lahora.mx\/index.php\/wp-json\/wp\/v2\/types\/post"}],"author":[{"embeddable":true,"href":"https:\/\/lahora.mx\/index.php\/wp-json\/wp\/v2\/users\/1"}],"replies":[{"embeddable":true,"href":"https:\/\/lahora.mx\/index.php\/wp-json\/wp\/v2\/comments?post=78872"}],"version-history":[{"count":1,"href":"https:\/\/lahora.mx\/index.php\/wp-json\/wp\/v2\/posts\/78872\/revisions"}],"predecessor-version":[{"id":78878,"href":"https:\/\/lahora.mx\/index.php\/wp-json\/wp\/v2\/posts\/78872\/revisions\/78878"}],"wp:featuredmedia":[{"embeddable":true,"href":"https:\/\/lahora.mx\/index.php\/wp-json\/wp\/v2\/media\/78877"}],"wp:attachment":[{"href":"https:\/\/lahora.mx\/index.php\/wp-json\/wp\/v2\/media?parent=78872"}],"wp:term":[{"taxonomy":"category","embeddable":true,"href":"https:\/\/lahora.mx\/index.php\/wp-json\/wp\/v2\/categories?post=78872"},{"taxonomy":"post_tag","embeddable":true,"href":"https:\/\/lahora.mx\/index.php\/wp-json\/wp\/v2\/tags?post=78872"}],"curies":[{"name":"wp","href":"https:\/\/api.w.org\/{rel}","templated":true}]}}