{"id":78866,"date":"2026-03-13T03:00:03","date_gmt":"2026-03-13T03:00:03","guid":{"rendered":"https:\/\/lahora.mx\/?p=78866"},"modified":"2026-03-13T03:00:04","modified_gmt":"2026-03-13T03:00:04","slug":"noche-de-museos-con-descuentos-en-cafeterias-y-mas-de-30-recintos-culturales","status":"publish","type":"post","link":"https:\/\/lahora.mx\/index.php\/2026\/03\/13\/noche-de-museos-con-descuentos-en-cafeterias-y-mas-de-30-recintos-culturales\/","title":{"rendered":"Noche de Museos con descuentos en cafeter\u00edas y m\u00e1s de 30 recintos culturales"},"content":{"rendered":"\n<p>La segunda edici\u00f3n de Noche de Museos se realizar\u00e1 este s\u00e1bado 14 de marzo en Puebla, con la participaci\u00f3n de 65 espacios entre museos, galer\u00edas y comercios del Centro Hist\u00f3rico. Se espera la visita de m\u00e1s de 20 mil personas en los principales recintos culturales de la ciudad.<\/p>\n\n\n\n<p>Jos\u00e9 Carlos Huerta Ram\u00edrez, director de Turismo del municipio, inform\u00f3 que la jornada contar\u00e1 con 34 recintos culturales de la capital y otros municipios del estado. Destac\u00f3 que esta edici\u00f3n incorpora por primera vez comercios y establecimientos locales como parte de la experiencia.<\/p>\n\n\n\n<p>Entre los espacios participantes figuran restaurantes, cafeter\u00edas, hoteles y galer\u00edas ubicados principalmente en el primer cuadro de la ciudad, quienes ofrecer\u00e1n promociones especiales para quienes asistan a la jornada cultural durante el recorrido.<\/p>\n\n\n\n<p>Anel Nochebuena Escobar, directora del Instituto Municipal de Arte y Cultura de Puebla, subray\u00f3 la importancia de fortalecer el acceso a la cultura y consolidar a Puebla como un espacio vivo para el arte. Invit\u00f3 a la ciudadan\u00eda a visitar la galer\u00eda del Palacio Municipal, abierta hasta el 5 de abril.<\/p>\n\n\n\n<p><\/p>\n\n\n\n<p>Ana Itza Jim\u00e9nez, cofundadora de Nexo Coffee Lab y Sabores, explic\u00f3 que su establecimiento ofrecer\u00e1 un descuento del 10 por ciento en bebidas a base de espresso a quienes presenten evidencia de haber visitado alg\u00fan museo durante la jornada.<\/p>\n\n\n\n<p>Isaac Dom\u00ednguez Hern\u00e1ndez, representante del colectivo Puebla Toma Caf\u00e9, anunci\u00f3 que diversas cafeter\u00edas del Centro Hist\u00f3rico participar\u00e1n con promociones especiales y adelant\u00f3 el pr\u00f3ximo lanzamiento de un pasaporte cafetero que incluir\u00e1 52 establecimientos de Puebla, Cholula y Atlixco.<\/p>\n","protected":false},"excerpt":{"rendered":"<p>La segunda edici\u00f3n de Noche de Museos se realizar\u00e1 este s\u00e1bado 14 de marzo en Puebla, con la participaci\u00f3n de 65 espacios entre museos, galer\u00edas y comercios del Centro Hist\u00f3rico. Se espera la visita de m\u00e1s de 20 mil personas en los principales recintos culturales de la ciudad. Jos\u00e9 Carlos Huerta Ram\u00edrez, director de Turismo [&hellip;]<\/p>\n","protected":false},"author":1,"featured_media":78867,"comment_status":"open","ping_status":"open","sticky":false,"template":"","format":"standard","meta":{"om_disable_all_campaigns":false,"_monsterinsights_skip_tracking":false,"_monsterinsights_sitenote_active":false,"_monsterinsights_sitenote_note":"","_monsterinsights_sitenote_category":0,"footnotes":""},"categories":[3,175],"tags":[],"class_list":["post-78866","post","type-post","status-publish","format-standard","has-post-thumbnail","hentry","category-entretenimiento","category-local"],"amp_enabled":true,"_links":{"self":[{"href":"https:\/\/lahora.mx\/index.php\/wp-json\/wp\/v2\/posts\/78866","targetHints":{"allow":["GET"]}}],"collection":[{"href":"https:\/\/lahora.mx\/index.php\/wp-json\/wp\/v2\/posts"}],"about":[{"href":"https:\/\/lahora.mx\/index.php\/wp-json\/wp\/v2\/types\/post"}],"author":[{"embeddable":true,"href":"https:\/\/lahora.mx\/index.php\/wp-json\/wp\/v2\/users\/1"}],"replies":[{"embeddable":true,"href":"https:\/\/lahora.mx\/index.php\/wp-json\/wp\/v2\/comments?post=78866"}],"version-history":[{"count":1,"href":"https:\/\/lahora.mx\/index.php\/wp-json\/wp\/v2\/posts\/78866\/revisions"}],"predecessor-version":[{"id":78868,"href":"https:\/\/lahora.mx\/index.php\/wp-json\/wp\/v2\/posts\/78866\/revisions\/78868"}],"wp:featuredmedia":[{"embeddable":true,"href":"https:\/\/lahora.mx\/index.php\/wp-json\/wp\/v2\/media\/78867"}],"wp:attachment":[{"href":"https:\/\/lahora.mx\/index.php\/wp-json\/wp\/v2\/media?parent=78866"}],"wp:term":[{"taxonomy":"category","embeddable":true,"href":"https:\/\/lahora.mx\/index.php\/wp-json\/wp\/v2\/categories?post=78866"},{"taxonomy":"post_tag","embeddable":true,"href":"https:\/\/lahora.mx\/index.php\/wp-json\/wp\/v2\/tags?post=78866"}],"curies":[{"name":"wp","href":"https:\/\/api.w.org\/{rel}","templated":true}]}}