{"id":78863,"date":"2026-03-13T02:46:52","date_gmt":"2026-03-13T02:46:52","guid":{"rendered":"https:\/\/lahora.mx\/?p=78863"},"modified":"2026-03-13T02:46:52","modified_gmt":"2026-03-13T02:46:52","slug":"reconocen-a-maratonista-atlixquense-como-mujer-joven-promesa","status":"publish","type":"post","link":"https:\/\/lahora.mx\/index.php\/2026\/03\/13\/reconocen-a-maratonista-atlixquense-como-mujer-joven-promesa\/","title":{"rendered":"Reconocen a maratonista atlixquense como \u00abMujer joven promesa\u00bb"},"content":{"rendered":"\n<p>La asociaci\u00f3n civil atlixquese \u201cArte y Cultura\u201d reconoci\u00f3 a cinco mujeres del municipio que est\u00e1n destacan en \u00e1mbitos profesionales, laborales, culturales, educativos y en cargos de gobierno local.<\/p>\n\n\n\n<p>Entre ellas se encuentra Jessie Vel\u00e1zquez, fisioterapeuta de profesi\u00f3n y corredora, quien tambi\u00e9n participa en acciones de defensa de los derechos de los animales en Atlixco.<\/p>\n\n\n\n<p>Durante el evento, Vel\u00e1zquez fue galardonada con el reconocimiento \u201cMujer Joven promesa\u201d.<\/p>\n\n\n\n<p>\u201cHa sido una gran experiencia compartir con cuatro mujeres atlixquenses nominadas en diferentes categor\u00edas su lucha y trabajo\u201d, se\u00f1al\u00f3.<\/p>\n\n\n\n<p>Durante su participaci\u00f3n, relat\u00f3 parte de su trayectoria profesional como fisioterapeuta y salubrista.<\/p>\n\n\n\n<p>Asimismo, agradeci\u00f3 a su familia por el apoyo que, dijo, ha sido fundamental en su formaci\u00f3n personal y profesional.<\/p>\n\n\n\n<p>Mencion\u00f3 los retos que enfrentan las mujeres y se\u00f1al\u00f3 su participaci\u00f3n en dos maratones con causa, relacionados con la protecci\u00f3n de animales.<\/p>\n\n\n\n<p>\u201cNo pude evitar las l\u00e1grimas al comentar que en mis maratones corro con una manta bajo la premisa \u2018mientras ellos no tengan voz, no dejar\u00e1s de escuchar la m\u00eda\u2019, con la imagen de un perro quemado y unos cachorros abandonados que una defensora de los animales del municipio me entreg\u00f3 para su elaboraci\u00f3n.\u201d<\/p>\n\n\n\n<p>Finalmente, agradeci\u00f3 la oportunidad de participar en actividades y causas sociales. \u201cPara m\u00ed es un gusto y un honor poder ser part\u00edcipe de diferentes actividades y causas donde la sociedad pueda darse cuenta que las mujeres somos capaces impulsar acciones en beneficio de la comunidad\u201d, finaliz\u00f3.<\/p>\n","protected":false},"excerpt":{"rendered":"<p>La asociaci\u00f3n civil atlixquese \u201cArte y Cultura\u201d reconoci\u00f3 a cinco mujeres del municipio que est\u00e1n destacan en \u00e1mbitos profesionales, laborales, culturales, educativos y en cargos de gobierno local. Entre ellas se encuentra Jessie Vel\u00e1zquez, fisioterapeuta de profesi\u00f3n y corredora, quien tambi\u00e9n participa en acciones de defensa de los derechos de los animales en Atlixco. Durante [&hellip;]<\/p>\n","protected":false},"author":1,"featured_media":78864,"comment_status":"open","ping_status":"open","sticky":false,"template":"","format":"standard","meta":{"om_disable_all_campaigns":false,"_monsterinsights_skip_tracking":false,"_monsterinsights_sitenote_active":false,"_monsterinsights_sitenote_note":"","_monsterinsights_sitenote_category":0,"footnotes":""},"categories":[175],"tags":[],"class_list":["post-78863","post","type-post","status-publish","format-standard","has-post-thumbnail","hentry","category-local"],"amp_enabled":true,"_links":{"self":[{"href":"https:\/\/lahora.mx\/index.php\/wp-json\/wp\/v2\/posts\/78863","targetHints":{"allow":["GET"]}}],"collection":[{"href":"https:\/\/lahora.mx\/index.php\/wp-json\/wp\/v2\/posts"}],"about":[{"href":"https:\/\/lahora.mx\/index.php\/wp-json\/wp\/v2\/types\/post"}],"author":[{"embeddable":true,"href":"https:\/\/lahora.mx\/index.php\/wp-json\/wp\/v2\/users\/1"}],"replies":[{"embeddable":true,"href":"https:\/\/lahora.mx\/index.php\/wp-json\/wp\/v2\/comments?post=78863"}],"version-history":[{"count":1,"href":"https:\/\/lahora.mx\/index.php\/wp-json\/wp\/v2\/posts\/78863\/revisions"}],"predecessor-version":[{"id":78865,"href":"https:\/\/lahora.mx\/index.php\/wp-json\/wp\/v2\/posts\/78863\/revisions\/78865"}],"wp:featuredmedia":[{"embeddable":true,"href":"https:\/\/lahora.mx\/index.php\/wp-json\/wp\/v2\/media\/78864"}],"wp:attachment":[{"href":"https:\/\/lahora.mx\/index.php\/wp-json\/wp\/v2\/media?parent=78863"}],"wp:term":[{"taxonomy":"category","embeddable":true,"href":"https:\/\/lahora.mx\/index.php\/wp-json\/wp\/v2\/categories?post=78863"},{"taxonomy":"post_tag","embeddable":true,"href":"https:\/\/lahora.mx\/index.php\/wp-json\/wp\/v2\/tags?post=78863"}],"curies":[{"name":"wp","href":"https:\/\/api.w.org\/{rel}","templated":true}]}}