{"id":78848,"date":"2026-03-12T23:34:42","date_gmt":"2026-03-12T23:34:42","guid":{"rendered":"https:\/\/lahora.mx\/?p=78848"},"modified":"2026-03-12T23:34:43","modified_gmt":"2026-03-12T23:34:43","slug":"iran-pide-a-mexico-condenar-ataques-de-estados-unidos","status":"publish","type":"post","link":"https:\/\/lahora.mx\/index.php\/2026\/03\/12\/iran-pide-a-mexico-condenar-ataques-de-estados-unidos\/","title":{"rendered":"Ir\u00e1n pide a M\u00e9xico condenar ataques de Estados Unidos"},"content":{"rendered":"\n<p>El embajador de Ir\u00e1n en M\u00e9xico, Abolfazl Pasandideh, pidi\u00f3 al gobierno de M\u00e9xico condenar los ataques del presidente Donald Trump, contra Teher\u00e1n.<\/p>\n\n\n\n<p>El diplom\u00e1tico advirti\u00f3 que una eventual victoria de Washington en el conflicto con Ir\u00e1n podr\u00eda abrir la puerta a nuevas agresiones contra otros pa\u00edses, incluidos M\u00e9xico y Cuba.<\/p>\n\n\n\n<p>En entrevista, afirm\u00f3 que Ir\u00e1n busca respaldo internacional frente a las acciones militares que, sostuvo, han sido impulsadas por Estados Unidos e Israel.<\/p>\n\n\n\n<p>Pasandideh se\u00f1al\u00f3 que uno de los gobiernos que, a su juicio, ha adoptado la postura m\u00e1s adecuada hasta ahora es el de Espa\u00f1a.<\/p>\n\n\n\n<p>Agradeci\u00f3 a M\u00e9xico por su llamado a la paz y por respaldar la decisi\u00f3n de Espa\u00f1a de negarse a participar en un ataque contra Ir\u00e1n.<\/p>\n\n\n\n<p>El embajador tambi\u00e9n record\u00f3 que la Constituci\u00f3n Pol\u00edtica de los Estados Unidos Mexicanos establece principios de pol\u00edtica exterior basados en el respeto a la soberan\u00eda de los Estados, postura que, dijo, M\u00e9xico ha defendido hist\u00f3ricamente.<\/p>\n\n\n\n<p>Asegur\u00f3 que la embajada iran\u00ed ha recibido numerosas muestras de apoyo por parte de ciudadanos mexicanos.<\/p>\n","protected":false},"excerpt":{"rendered":"<p>El embajador de Ir\u00e1n en M\u00e9xico, Abolfazl Pasandideh, pidi\u00f3 al gobierno de M\u00e9xico condenar los ataques del presidente Donald Trump, contra Teher\u00e1n. El diplom\u00e1tico advirti\u00f3 que una eventual victoria de Washington en el conflicto con Ir\u00e1n podr\u00eda abrir la puerta a nuevas agresiones contra otros pa\u00edses, incluidos M\u00e9xico y Cuba. En entrevista, afirm\u00f3 que Ir\u00e1n [&hellip;]<\/p>\n","protected":false},"author":1,"featured_media":78849,"comment_status":"open","ping_status":"open","sticky":false,"template":"","format":"standard","meta":{"om_disable_all_campaigns":false,"_monsterinsights_skip_tracking":false,"_monsterinsights_sitenote_active":false,"_monsterinsights_sitenote_note":"","_monsterinsights_sitenote_category":0,"footnotes":""},"categories":[176],"tags":[],"class_list":["post-78848","post","type-post","status-publish","format-standard","has-post-thumbnail","hentry","category-nacional"],"amp_enabled":true,"_links":{"self":[{"href":"https:\/\/lahora.mx\/index.php\/wp-json\/wp\/v2\/posts\/78848","targetHints":{"allow":["GET"]}}],"collection":[{"href":"https:\/\/lahora.mx\/index.php\/wp-json\/wp\/v2\/posts"}],"about":[{"href":"https:\/\/lahora.mx\/index.php\/wp-json\/wp\/v2\/types\/post"}],"author":[{"embeddable":true,"href":"https:\/\/lahora.mx\/index.php\/wp-json\/wp\/v2\/users\/1"}],"replies":[{"embeddable":true,"href":"https:\/\/lahora.mx\/index.php\/wp-json\/wp\/v2\/comments?post=78848"}],"version-history":[{"count":1,"href":"https:\/\/lahora.mx\/index.php\/wp-json\/wp\/v2\/posts\/78848\/revisions"}],"predecessor-version":[{"id":78850,"href":"https:\/\/lahora.mx\/index.php\/wp-json\/wp\/v2\/posts\/78848\/revisions\/78850"}],"wp:featuredmedia":[{"embeddable":true,"href":"https:\/\/lahora.mx\/index.php\/wp-json\/wp\/v2\/media\/78849"}],"wp:attachment":[{"href":"https:\/\/lahora.mx\/index.php\/wp-json\/wp\/v2\/media?parent=78848"}],"wp:term":[{"taxonomy":"category","embeddable":true,"href":"https:\/\/lahora.mx\/index.php\/wp-json\/wp\/v2\/categories?post=78848"},{"taxonomy":"post_tag","embeddable":true,"href":"https:\/\/lahora.mx\/index.php\/wp-json\/wp\/v2\/tags?post=78848"}],"curies":[{"name":"wp","href":"https:\/\/api.w.org\/{rel}","templated":true}]}}