{"id":78843,"date":"2026-03-12T21:38:31","date_gmt":"2026-03-12T21:38:31","guid":{"rendered":"https:\/\/lahora.mx\/?p=78843"},"modified":"2026-03-12T21:38:32","modified_gmt":"2026-03-12T21:38:32","slug":"julio-cesar-chavez-rompe-retiro-de-20-anos-y-boxeara-en-puebla","status":"publish","type":"post","link":"https:\/\/lahora.mx\/index.php\/2026\/03\/12\/julio-cesar-chavez-rompe-retiro-de-20-anos-y-boxeara-en-puebla\/","title":{"rendered":"Julio C\u00e9sar Ch\u00e1vez rompe retiro de 20 a\u00f1os y boxear\u00e1 en Puebla"},"content":{"rendered":"\n<p>Julio C\u00e9sar Ch\u00e1vez Gonz\u00e1lez romper\u00e1 su retiro de 20 a\u00f1os para subirse al ring el pr\u00f3ximo 9 de mayo en Puebla, en el marco de la Feria de Puebla 2026, en el Centro Expositor, con una condici\u00f3n inusual: su rival ser\u00e1 el gobernador Alejandro Armenta Mier.<\/p>\n\n\n\n<p>El propio Julio C\u00e9sar Ch\u00e1vez confirm\u00f3 el encuentro durante una rueda de prensa en la Ciudad de M\u00e9xico. \u00abLa condici\u00f3n fue que me voy a subir al ring el 9 de mayo en Puebla y el gobernador se va a subir un round conmigo\u00bb, declar\u00f3 el legendario pugilista sonorense.<\/p>\n\n\n\n<p>El combate ser\u00e1 de car\u00e1cter recreativo y busca promover el deporte entre los asistentes a la Feria de Puebla. Armenta Mier, por su parte, elogi\u00f3 la trayectoria del excampe\u00f3n, calific\u00e1ndolo como el mejor boxeador que ha tenido M\u00e9xico.<\/p>\n\n\n\n<p>Julio C\u00e9sar Ch\u00e1vez se retir\u00f3 oficialmente del boxeo profesional en 2005 tras caer por nocaut t\u00e9cnico en el quinto asalto ante Grover Wiley en Phoenix, Arizona. Desde entonces ha participado en exhibiciones y eventos deportivos, sin regresar formalmente al cuadril\u00e1tero.<\/p>\n\n\n\n<p>El excampe\u00f3n mundial ha mantenido presencia en Puebla: en 2025 encabez\u00f3 una clase masiva de boxeo con m\u00e1s de tres mil participantes, en la que tambi\u00e9n estuvieron \u00d3scar de la Hoya, Marco Antonio Barrera y Mariana \u00abLa Barby\u00bb Ju\u00e1rez.<\/p>\n\n\n\n<p>Los detalles completos de la cartelera, el recinto exacto y los combates estelares se dar\u00e1n a conocer en las pr\u00f3ximas semanas, aunque la sola presencia de Ch\u00e1vez ya genera enorme expectativa entre los aficionados poblanos al pugilismo.<\/p>\n","protected":false},"excerpt":{"rendered":"<p>Julio C\u00e9sar Ch\u00e1vez Gonz\u00e1lez romper\u00e1 su retiro de 20 a\u00f1os para subirse al ring el pr\u00f3ximo 9 de mayo en Puebla, en el marco de la Feria de Puebla 2026, en el Centro Expositor, con una condici\u00f3n inusual: su rival ser\u00e1 el gobernador Alejandro Armenta Mier. El propio Julio C\u00e9sar Ch\u00e1vez confirm\u00f3 el encuentro durante [&hellip;]<\/p>\n","protected":false},"author":1,"featured_media":78846,"comment_status":"open","ping_status":"open","sticky":false,"template":"","format":"standard","meta":{"om_disable_all_campaigns":false,"_monsterinsights_skip_tracking":false,"_monsterinsights_sitenote_active":false,"_monsterinsights_sitenote_note":"","_monsterinsights_sitenote_category":0,"footnotes":""},"categories":[6],"tags":[223],"class_list":["post-78843","post","type-post","status-publish","format-standard","has-post-thumbnail","hentry","category-sports","tag-puebla"],"amp_enabled":true,"_links":{"self":[{"href":"https:\/\/lahora.mx\/index.php\/wp-json\/wp\/v2\/posts\/78843","targetHints":{"allow":["GET"]}}],"collection":[{"href":"https:\/\/lahora.mx\/index.php\/wp-json\/wp\/v2\/posts"}],"about":[{"href":"https:\/\/lahora.mx\/index.php\/wp-json\/wp\/v2\/types\/post"}],"author":[{"embeddable":true,"href":"https:\/\/lahora.mx\/index.php\/wp-json\/wp\/v2\/users\/1"}],"replies":[{"embeddable":true,"href":"https:\/\/lahora.mx\/index.php\/wp-json\/wp\/v2\/comments?post=78843"}],"version-history":[{"count":1,"href":"https:\/\/lahora.mx\/index.php\/wp-json\/wp\/v2\/posts\/78843\/revisions"}],"predecessor-version":[{"id":78847,"href":"https:\/\/lahora.mx\/index.php\/wp-json\/wp\/v2\/posts\/78843\/revisions\/78847"}],"wp:featuredmedia":[{"embeddable":true,"href":"https:\/\/lahora.mx\/index.php\/wp-json\/wp\/v2\/media\/78846"}],"wp:attachment":[{"href":"https:\/\/lahora.mx\/index.php\/wp-json\/wp\/v2\/media?parent=78843"}],"wp:term":[{"taxonomy":"category","embeddable":true,"href":"https:\/\/lahora.mx\/index.php\/wp-json\/wp\/v2\/categories?post=78843"},{"taxonomy":"post_tag","embeddable":true,"href":"https:\/\/lahora.mx\/index.php\/wp-json\/wp\/v2\/tags?post=78843"}],"curies":[{"name":"wp","href":"https:\/\/api.w.org\/{rel}","templated":true}]}}