{"id":78839,"date":"2026-03-12T20:52:11","date_gmt":"2026-03-12T20:52:11","guid":{"rendered":"https:\/\/lahora.mx\/?p=78839"},"modified":"2026-03-12T20:52:12","modified_gmt":"2026-03-12T20:52:12","slug":"podrian-suspenderse-actividades-al-aire-libre-en-escuelas-por-fuertes-vientos","status":"publish","type":"post","link":"https:\/\/lahora.mx\/index.php\/2026\/03\/12\/podrian-suspenderse-actividades-al-aire-libre-en-escuelas-por-fuertes-vientos\/","title":{"rendered":"Podr\u00edan suspenderse actividades al aire libre en escuelas por fuertes vientos"},"content":{"rendered":"\n<p>Ante el pron\u00f3stico de rachas de viento de entre 40 y 50 kil\u00f3metros por hora en diversas regiones del estado, autoridades de Puebla recomendaron a los planteles educativos suspender actividades al aire libre durante este jueves, con el objetivo de prevenir riesgos para estudiantes y personal docente.<\/p>\n\n\n\n<p>Por medio de un comunicado de Protecci\u00f3n Civil Estatal, se dio a conocer que las condiciones meteorol\u00f3gicas se deben a la interacci\u00f3n de un sistema anticicl\u00f3nico con el frente fr\u00edo n\u00famero 40, fen\u00f3meno que ingres\u00f3 al pa\u00eds durante esta semana y que est\u00e1 generando fuertes corrientes de aire en varias zonas del territorio poblano.<\/p>\n\n\n\n<p>Las regiones donde se prev\u00e9 mayor intensidad del viento son el Valle de Serd\u00e1n, parte de la Mixteca y la zona metropolitana de Puebla, por lo que las autoridades recomendaron a las escuelas ubicadas en estos puntos evitar cualquier actividad que se realice en \u00e1reas al aire libre mientras prevalezcan estas condiciones.<\/p>\n\n\n\n<p>Adem\u00e1s, Protecci\u00f3n Civil hizo un llamado a la poblaci\u00f3n a no encender fuego en zonas de pastizales o \u00e1reas forestales para prevenir incendios, as\u00ed como a reportar de inmediato la ca\u00edda de \u00e1rboles, postes o cables a las autoridades a trav\u00e9s del n\u00famero de emergencias 911.<\/p>\n\n\n\n<p>Entre las medidas preventivas en los hogares, se sugiri\u00f3 asegurar techos, l\u00e1minas, macetas y cualquier objeto que pueda desprenderse por el viento, adem\u00e1s de cerrar puertas y ventanas para evitar corrientes fuertes.<\/p>\n\n\n\n<p>Tambi\u00e9n se recomend\u00f3 retirar o asegurar lonas, toldos y anuncios improvisados que pudieran representar un riesgo.<\/p>\n\n\n\n<p>En espacios p\u00fablicos, la dependencia pidi\u00f3 mantenerse alejados de \u00e1rboles, postes, espectaculares y muros en mal estado, as\u00ed como evitar transitar cerca de estructuras inestables o en construcci\u00f3n.<\/p>\n\n\n\n<p>A los automovilistas se les exhort\u00f3 a conducir con precauci\u00f3n, reducir la velocidad y mantener firme el control del volante.<\/p>\n\n\n\n<p>Por \u00faltimo, Protecci\u00f3n Civil Estatal inform\u00f3 que, en caso de emisiones del volc\u00e1n Popocat\u00e9petl, el pron\u00f3stico de viento podr\u00eda dispersar ceniza hacia el este-noreste y suroeste, afectando potencialmente regiones como el Valle de Atlixco, angel\u00f3polis, Valle de Serd\u00e1n, la Sierra Norte y la Sierra Nororiental.<\/p>\n","protected":false},"excerpt":{"rendered":"<p>Ante el pron\u00f3stico de rachas de viento de entre 40 y 50 kil\u00f3metros por hora en diversas regiones del estado, autoridades de Puebla recomendaron a los planteles educativos suspender actividades al aire libre durante este jueves, con el objetivo de prevenir riesgos para estudiantes y personal docente. Por medio de un comunicado de Protecci\u00f3n Civil [&hellip;]<\/p>\n","protected":false},"author":1,"featured_media":78840,"comment_status":"open","ping_status":"open","sticky":false,"template":"","format":"standard","meta":{"om_disable_all_campaigns":false,"_monsterinsights_skip_tracking":false,"_monsterinsights_sitenote_active":false,"_monsterinsights_sitenote_note":"","_monsterinsights_sitenote_category":0,"footnotes":""},"categories":[175],"tags":[223],"class_list":["post-78839","post","type-post","status-publish","format-standard","has-post-thumbnail","hentry","category-local","tag-puebla"],"amp_enabled":true,"_links":{"self":[{"href":"https:\/\/lahora.mx\/index.php\/wp-json\/wp\/v2\/posts\/78839","targetHints":{"allow":["GET"]}}],"collection":[{"href":"https:\/\/lahora.mx\/index.php\/wp-json\/wp\/v2\/posts"}],"about":[{"href":"https:\/\/lahora.mx\/index.php\/wp-json\/wp\/v2\/types\/post"}],"author":[{"embeddable":true,"href":"https:\/\/lahora.mx\/index.php\/wp-json\/wp\/v2\/users\/1"}],"replies":[{"embeddable":true,"href":"https:\/\/lahora.mx\/index.php\/wp-json\/wp\/v2\/comments?post=78839"}],"version-history":[{"count":1,"href":"https:\/\/lahora.mx\/index.php\/wp-json\/wp\/v2\/posts\/78839\/revisions"}],"predecessor-version":[{"id":78841,"href":"https:\/\/lahora.mx\/index.php\/wp-json\/wp\/v2\/posts\/78839\/revisions\/78841"}],"wp:featuredmedia":[{"embeddable":true,"href":"https:\/\/lahora.mx\/index.php\/wp-json\/wp\/v2\/media\/78840"}],"wp:attachment":[{"href":"https:\/\/lahora.mx\/index.php\/wp-json\/wp\/v2\/media?parent=78839"}],"wp:term":[{"taxonomy":"category","embeddable":true,"href":"https:\/\/lahora.mx\/index.php\/wp-json\/wp\/v2\/categories?post=78839"},{"taxonomy":"post_tag","embeddable":true,"href":"https:\/\/lahora.mx\/index.php\/wp-json\/wp\/v2\/tags?post=78839"}],"curies":[{"name":"wp","href":"https:\/\/api.w.org\/{rel}","templated":true}]}}