{"id":78834,"date":"2026-03-12T20:46:53","date_gmt":"2026-03-12T20:46:53","guid":{"rendered":"https:\/\/lahora.mx\/?p=78834"},"modified":"2026-03-12T20:46:54","modified_gmt":"2026-03-12T20:46:54","slug":"seleccion-de-iran-aun-podria-asistir-al-mundial-2026","status":"publish","type":"post","link":"https:\/\/lahora.mx\/index.php\/2026\/03\/12\/seleccion-de-iran-aun-podria-asistir-al-mundial-2026\/","title":{"rendered":"Selecci\u00f3n de Ir\u00e1n a\u00fan podr\u00eda asistir al Mundial 2026"},"content":{"rendered":"\n<p>El embajador de Ir\u00e1n en M\u00e9xico, Abolfazl Pasandideh, neg\u00f3 que la selecci\u00f3n iran\u00ed vaya a quedarse fuera del Mundial de Futbol 2026.<\/p>\n\n\n\n<p>En entrevista, desminti\u00f3 la informaci\u00f3n difundida por el Ministro de Deportes de Ir\u00e1n sobre la supuesta imposibilidad de asistir al torneo.<\/p>\n\n\n\n<p>\u00abNuestra selecci\u00f3n todav\u00eda no ha dicho que no queremos participar en el Mundial, de hecho est\u00e1 mostrando mucho inter\u00e9s para participar en este evento\u00bb, se\u00f1al\u00f3.<\/p>\n\n\n\n<p>Pasandideh mencion\u00f3 que los delegados deportivos iran\u00edes han expresado que debido al conflicto en Medio Oriente, muchos aeropuertos est\u00e1n cerrados, lo que podr\u00eda dificultar los viajes. No obstante, reiter\u00f3 el inter\u00e9s en competir.<\/p>\n\n\n\n<p>Entre los obst\u00e1culos precis\u00f3 la emisi\u00f3n de visas por parte de Estados Unidos.<\/p>\n\n\n\n<p>El Embajador aclar\u00f3 que la decisi\u00f3n final sobre la participaci\u00f3n de Ir\u00e1n corresponder\u00e1 a la Secretar\u00eda del Deporte, y agreg\u00f3 que la FIFA podr\u00eda intervenir para facilitar la asistencia del equipo a los partidos que se realicen en M\u00e9xico.<\/p>\n\n\n\n<p>Ayer, el ministro de Deportes iran\u00ed, Ahman Donyamali, asegur\u00f3 que no exist\u00edan condiciones para participar, aunque la FIFA no ha emitido un comunicado oficial al respecto.<\/p>\n\n\n\n<p>A su vez, el presidente de Estados Unidos, Donald Trump, afirm\u00f3 que la selecci\u00f3n de Ir\u00e1n podr\u00e1 asistir a la Copa del Mundo y ser\u00e1 bienvenida, aunque consider\u00f3 que la seguridad del equipo podr\u00eda ser un factor de riesgo.<\/p>\n","protected":false},"excerpt":{"rendered":"<p>El embajador de Ir\u00e1n en M\u00e9xico, Abolfazl Pasandideh, neg\u00f3 que la selecci\u00f3n iran\u00ed vaya a quedarse fuera del Mundial de Futbol 2026. En entrevista, desminti\u00f3 la informaci\u00f3n difundida por el Ministro de Deportes de Ir\u00e1n sobre la supuesta imposibilidad de asistir al torneo. \u00abNuestra selecci\u00f3n todav\u00eda no ha dicho que no queremos participar en el [&hellip;]<\/p>\n","protected":false},"author":1,"featured_media":78836,"comment_status":"open","ping_status":"open","sticky":false,"template":"","format":"standard","meta":{"om_disable_all_campaigns":false,"_monsterinsights_skip_tracking":false,"_monsterinsights_sitenote_active":false,"_monsterinsights_sitenote_note":"","_monsterinsights_sitenote_category":0,"footnotes":""},"categories":[6],"tags":[],"class_list":["post-78834","post","type-post","status-publish","format-standard","has-post-thumbnail","hentry","category-sports"],"amp_enabled":true,"_links":{"self":[{"href":"https:\/\/lahora.mx\/index.php\/wp-json\/wp\/v2\/posts\/78834","targetHints":{"allow":["GET"]}}],"collection":[{"href":"https:\/\/lahora.mx\/index.php\/wp-json\/wp\/v2\/posts"}],"about":[{"href":"https:\/\/lahora.mx\/index.php\/wp-json\/wp\/v2\/types\/post"}],"author":[{"embeddable":true,"href":"https:\/\/lahora.mx\/index.php\/wp-json\/wp\/v2\/users\/1"}],"replies":[{"embeddable":true,"href":"https:\/\/lahora.mx\/index.php\/wp-json\/wp\/v2\/comments?post=78834"}],"version-history":[{"count":1,"href":"https:\/\/lahora.mx\/index.php\/wp-json\/wp\/v2\/posts\/78834\/revisions"}],"predecessor-version":[{"id":78837,"href":"https:\/\/lahora.mx\/index.php\/wp-json\/wp\/v2\/posts\/78834\/revisions\/78837"}],"wp:featuredmedia":[{"embeddable":true,"href":"https:\/\/lahora.mx\/index.php\/wp-json\/wp\/v2\/media\/78836"}],"wp:attachment":[{"href":"https:\/\/lahora.mx\/index.php\/wp-json\/wp\/v2\/media?parent=78834"}],"wp:term":[{"taxonomy":"category","embeddable":true,"href":"https:\/\/lahora.mx\/index.php\/wp-json\/wp\/v2\/categories?post=78834"},{"taxonomy":"post_tag","embeddable":true,"href":"https:\/\/lahora.mx\/index.php\/wp-json\/wp\/v2\/tags?post=78834"}],"curies":[{"name":"wp","href":"https:\/\/api.w.org\/{rel}","templated":true}]}}