{"id":78830,"date":"2026-03-12T20:35:06","date_gmt":"2026-03-12T20:35:06","guid":{"rendered":"https:\/\/lahora.mx\/?p=78830"},"modified":"2026-03-12T20:42:32","modified_gmt":"2026-03-12T20:42:32","slug":"respalda-armenta-plan-b-de-reforma-electoral-de-sheinbaum","status":"publish","type":"post","link":"https:\/\/lahora.mx\/index.php\/2026\/03\/12\/respalda-armenta-plan-b-de-reforma-electoral-de-sheinbaum\/","title":{"rendered":"El gobernador Armenta da su respaldo al \u201cPlan B\u201d de reforma electoral de Sheinbaum"},"content":{"rendered":"\n<p>El gobernador de Puebla, Alejandro Armenta Mier, manifest\u00f3 su respaldo al \u201cPlan B\u201d en materia electoral anunciado por la presidenta Claudia Sheinbaum, luego de que la iniciativa de reforma no alcanzara los votos necesarios para su aprobaci\u00f3n en la C\u00e1mara de Diputados.<\/p>\n\n\n\n<p>A trav\u00e9s de sus redes sociales, el mandatario manifest\u00f3 su apoyo a esta estrategia y sostuvo que los gobiernos deben responder a las demandas de los ciudadanos.<\/p>\n\n\n\n<p>Lo anterior luego de que la presidenta de M\u00e9xico anunci\u00f3 que ya trabaja en una ruta alternativa conocida como \u201cPlan B\u201d, la cual considera modificaciones a leyes secundarias. Este mecanismo permitir\u00eda impulsar cambios en materia electoral mediante mayor\u00eda simple en el Congreso.<\/p>\n\n\n\n<p>Al respecto, el gobernador del estado se\u00f1al\u00f3 que uno de los objetivos centrales es fortalecer la participaci\u00f3n ciudadana y reducir privilegios dentro de las estructuras pol\u00edticas e institucionales.<\/p>\n\n\n\n<p>\u201cDesde Puebla respaldamos el Plan B de la reforma electoral con la convicci\u00f3n de avanzar hacia un sistema m\u00e1s participativo y con menos privilegios en partidos pol\u00edticos, congresos locales y gobiernos municipales\u201d, escribi\u00f3.<\/p>\n\n\n\n<p>Previo a la votaci\u00f3n de la reforma electoral, Alejandro Armenta convoc\u00f3 a los partidos pol\u00edticos, incluidos el Partido Verde Ecologista de M\u00e9xico (PVEM) y el Partido del Trabajo (PT), a respaldar a Sheinbaum y tambi\u00e9n insisti\u00f3 sobre la importancia de garantizar candidaturas limpias y de mujeres.<\/p>\n","protected":false},"excerpt":{"rendered":"<p>El gobernador de Puebla, Alejandro Armenta Mier, manifest\u00f3 su respaldo al \u201cPlan B\u201d en materia electoral anunciado por la presidenta Claudia Sheinbaum, luego de que la iniciativa de reforma no alcanzara los votos necesarios para su aprobaci\u00f3n en la C\u00e1mara de Diputados. A trav\u00e9s de sus redes sociales, el mandatario manifest\u00f3 su apoyo a esta [&hellip;]<\/p>\n","protected":false},"author":1,"featured_media":78831,"comment_status":"open","ping_status":"open","sticky":false,"template":"","format":"standard","meta":{"om_disable_all_campaigns":false,"_monsterinsights_skip_tracking":false,"_monsterinsights_sitenote_active":false,"_monsterinsights_sitenote_note":"","_monsterinsights_sitenote_category":0,"footnotes":""},"categories":[175],"tags":[195,223],"class_list":["post-78830","post","type-post","status-publish","format-standard","has-post-thumbnail","hentry","category-local","tag-principal","tag-puebla"],"amp_enabled":true,"_links":{"self":[{"href":"https:\/\/lahora.mx\/index.php\/wp-json\/wp\/v2\/posts\/78830","targetHints":{"allow":["GET"]}}],"collection":[{"href":"https:\/\/lahora.mx\/index.php\/wp-json\/wp\/v2\/posts"}],"about":[{"href":"https:\/\/lahora.mx\/index.php\/wp-json\/wp\/v2\/types\/post"}],"author":[{"embeddable":true,"href":"https:\/\/lahora.mx\/index.php\/wp-json\/wp\/v2\/users\/1"}],"replies":[{"embeddable":true,"href":"https:\/\/lahora.mx\/index.php\/wp-json\/wp\/v2\/comments?post=78830"}],"version-history":[{"count":3,"href":"https:\/\/lahora.mx\/index.php\/wp-json\/wp\/v2\/posts\/78830\/revisions"}],"predecessor-version":[{"id":78835,"href":"https:\/\/lahora.mx\/index.php\/wp-json\/wp\/v2\/posts\/78830\/revisions\/78835"}],"wp:featuredmedia":[{"embeddable":true,"href":"https:\/\/lahora.mx\/index.php\/wp-json\/wp\/v2\/media\/78831"}],"wp:attachment":[{"href":"https:\/\/lahora.mx\/index.php\/wp-json\/wp\/v2\/media?parent=78830"}],"wp:term":[{"taxonomy":"category","embeddable":true,"href":"https:\/\/lahora.mx\/index.php\/wp-json\/wp\/v2\/categories?post=78830"},{"taxonomy":"post_tag","embeddable":true,"href":"https:\/\/lahora.mx\/index.php\/wp-json\/wp\/v2\/tags?post=78830"}],"curies":[{"name":"wp","href":"https:\/\/api.w.org\/{rel}","templated":true}]}}