{"id":78823,"date":"2026-03-12T16:24:34","date_gmt":"2026-03-12T16:24:34","guid":{"rendered":"https:\/\/lahora.mx\/?p=78823"},"modified":"2026-03-13T06:49:48","modified_gmt":"2026-03-13T06:49:48","slug":"fuertes-vientos-azotan-a-puebla-este-jueves","status":"publish","type":"post","link":"https:\/\/lahora.mx\/index.php\/2026\/03\/12\/fuertes-vientos-azotan-a-puebla-este-jueves\/","title":{"rendered":"Fuertes vientos azotan a Puebla este jueves"},"content":{"rendered":"\n<p>Desde la madrugada de este jueves 12 de marzo se han registrado fuertes rachas de viento en distintos puntos de la ciudad de Puebla y otras zonas, lo que se ha prolongado hasta la ma\u00f1ana.<\/p>\n\n\n\n<p>Estas condiciones clim\u00e1ticas en la entidad han sido resultado de diversos factores, entre ellos se encuentra el frente fr\u00edo n\u00famero 40, que primero lleg\u00f3 al norte del pa\u00eds pero que se ha desplazado hacia el territorio poblano.<\/p>\n\n\n\n<p>La Comisi\u00f3n Nacional del Agua (Conagua) expuso que este sistema podr\u00eda provocar distintos efectos en Puebla este d\u00eda, lo que incluye rachas de viento que ir\u00edan desde los 40 hasta los 50 kil\u00f3metros por hora (km\/h).<\/p>\n\n\n\n<p>bombero atiende incendio de un automovil<br>Incendios en casas y un veh\u00edculo activan operativos de emergencia en Puebla<br>El viento se mantendr\u00e1<br>Asimismo, el Gobierno de Puebla expuso que los municipios m\u00e1s afectados por viento son los que se encuentran en la zona metropolitana de Puebla, es decir, la capital del estado, Coronango, Juan C. Bonilla, San Andr\u00e9s y San Pedro Cholula, entre otros.<\/p>\n\n\n\n<p>Tambi\u00e9n, se esperan condiciones parecidas en las localidades que est\u00e1n ubicadas al interior del Valle de Serd\u00e1n, as\u00ed como algunos puntos de la Mixteca; por esa raz\u00f3n se ha recomendado que las escuelas eviten las actividades al aire libre.<\/p>\n\n\n\n<p>Es posible que a lo largo de este d\u00eda se registren lluvias de ligera a moderada intensidad, con chubascos, actividad el\u00e9ctrica y granizo en la ciudad de Puebla, al igual que en las comunidades que est\u00e1n el Valle de Serd\u00e1n, las Sierras Norte, Nororiental y Negra.<\/p>\n\n\n\n<p>Protecci\u00f3n Civil atiende inconvenientes<br>La Coordinaci\u00f3n Estatal de Protecci\u00f3n Civil (PC) asegur\u00f3 que derivado de estas condiciones clim\u00e1ticas, fue derribada la estructura provisional que se instal\u00f3 en el Paseo Bravo con motivo de las obras que har\u00e1n en esta zona.<\/p>\n\n\n\n<p>Fue por ese motivo que su personal acudi\u00f3 a este punto para realizar las labores correspondientes, por lo que alrededor de las 7:00 de la ma\u00f1ana se inform\u00f3 que se hicieron las maniobras necesarias y ya no representa un riesgo.<\/p>\n\n\n\n<p>Por su parte, en varias redes sociales se han difundido distintos videos en los que se aprecia como el viento mueve las ramas de los \u00e1rboles, al igual que algunos letreros y sem\u00e1foros, por lo que se deben extremar precauciones.<\/p>\n\n\n\n<p>Emiten recomendaciones<br>Ante esta situaci\u00f3n, los representantes de PC lanzaron un comunicado en el que enlistaron diferentes recomendaciones que se deben seguir para prevenir alg\u00fan inconveniente mientras los vientos contin\u00faan, son las siguientes:<\/p>\n","protected":false},"excerpt":{"rendered":"<p>Desde la madrugada de este jueves 12 de marzo se han registrado fuertes rachas de viento en distintos puntos de la ciudad de Puebla y otras zonas, lo que se ha prolongado hasta la ma\u00f1ana. Estas condiciones clim\u00e1ticas en la entidad han sido resultado de diversos factores, entre ellos se encuentra el frente fr\u00edo n\u00famero [&hellip;]<\/p>\n","protected":false},"author":1,"featured_media":78824,"comment_status":"open","ping_status":"open","sticky":false,"template":"","format":"standard","meta":{"om_disable_all_campaigns":false,"_monsterinsights_skip_tracking":false,"_monsterinsights_sitenote_active":false,"_monsterinsights_sitenote_note":"","_monsterinsights_sitenote_category":0,"footnotes":""},"categories":[175],"tags":[223],"class_list":["post-78823","post","type-post","status-publish","format-standard","has-post-thumbnail","hentry","category-local","tag-puebla"],"amp_enabled":true,"_links":{"self":[{"href":"https:\/\/lahora.mx\/index.php\/wp-json\/wp\/v2\/posts\/78823","targetHints":{"allow":["GET"]}}],"collection":[{"href":"https:\/\/lahora.mx\/index.php\/wp-json\/wp\/v2\/posts"}],"about":[{"href":"https:\/\/lahora.mx\/index.php\/wp-json\/wp\/v2\/types\/post"}],"author":[{"embeddable":true,"href":"https:\/\/lahora.mx\/index.php\/wp-json\/wp\/v2\/users\/1"}],"replies":[{"embeddable":true,"href":"https:\/\/lahora.mx\/index.php\/wp-json\/wp\/v2\/comments?post=78823"}],"version-history":[{"count":1,"href":"https:\/\/lahora.mx\/index.php\/wp-json\/wp\/v2\/posts\/78823\/revisions"}],"predecessor-version":[{"id":78825,"href":"https:\/\/lahora.mx\/index.php\/wp-json\/wp\/v2\/posts\/78823\/revisions\/78825"}],"wp:featuredmedia":[{"embeddable":true,"href":"https:\/\/lahora.mx\/index.php\/wp-json\/wp\/v2\/media\/78824"}],"wp:attachment":[{"href":"https:\/\/lahora.mx\/index.php\/wp-json\/wp\/v2\/media?parent=78823"}],"wp:term":[{"taxonomy":"category","embeddable":true,"href":"https:\/\/lahora.mx\/index.php\/wp-json\/wp\/v2\/categories?post=78823"},{"taxonomy":"post_tag","embeddable":true,"href":"https:\/\/lahora.mx\/index.php\/wp-json\/wp\/v2\/tags?post=78823"}],"curies":[{"name":"wp","href":"https:\/\/api.w.org\/{rel}","templated":true}]}}